{"id":3142,"date":"2018-02-19T22:16:41","date_gmt":"2018-02-19T22:16:41","guid":{"rendered":"http:\/\/blogsaverroes.juntadeandalucia.es\/ceipcervantesalcala\/?p=3142"},"modified":"2018-02-28T11:25:56","modified_gmt":"2018-02-28T11:25:56","slug":"3142","status":"publish","type":"post","link":"https:\/\/blogsaverroes.juntadeandalucia.es\/ceipcervantesalcala\/2018\/02\/19\/3142\/","title":{"rendered":""},"content":{"rendered":"<p>LA COMUNIDAD EDUCATIVA DEL CEIP CERVANTES QUIERE SUMARSE AL DOLOR DE LA FAMILIA DE LA PRESIDENTA DEL AMPA EL QUIJOTE, D\u00aa. M\u00aa JOS\u00c9 HORNILLOS, Y TRANSMITIRLE NUESTRO M\u00c1S SENTIDO P\u00c9SAME POR EL FALLECIMIENTO DE SU SE\u00d1ORA MADRE. DESCANSE EN PAZ.<\/p>\n","protected":false},"excerpt":{"rendered":"<p>LA COMUNIDAD EDUCATIVA DEL CEIP CERVANTES QUIERE SUMARSE AL DOLOR DE LA FAMILIA DE LA PRESIDENTA DEL AMPA EL QUIJOTE, D\u00aa. M\u00aa JOS\u00c9 HORNILLOS, Y TRANSMITIRLE NUESTRO M\u00c1S SENTIDO P\u00c9SAME POR EL FALLECIMIENTO DE&#46;&#46;&#46;<\/p>\n","protected":false},"author":3504,"featured_media":3143,"comment_status":"closed","ping_status":"closed","sticky":false,"template":"","format":"standard","meta":{"ngg_post_thumbnail":0,"footnotes":""},"categories":[526],"tags":[],"aioseo_notices":[],"_links":{"self":[{"href":"https:\/\/blogsaverroes.juntadeandalucia.es\/ceipcervantesalcala\/wp-json\/wp\/v2\/posts\/3142"}],"collection":[{"href":"https:\/\/blogsaverroes.juntadeandalucia.es\/ceipcervantesalcala\/wp-json\/wp\/v2\/posts"}],"about":[{"href":"https:\/\/blogsaverroes.juntadeandalucia.es\/ceipcervantesalcala\/wp-json\/wp\/v2\/types\/post"}],"author":[{"embeddable":true,"href":"https:\/\/blogsaverroes.juntadeandalucia.es\/ceipcervantesalcala\/wp-json\/wp\/v2\/users\/3504"}],"replies":[{"embeddable":true,"href":"https:\/\/blogsaverroes.juntadeandalucia.es\/ceipcervantesalcala\/wp-json\/wp\/v2\/comments?post=3142"}],"version-history":[{"count":1,"href":"https:\/\/blogsaverroes.juntadeandalucia.es\/ceipcervantesalcala\/wp-json\/wp\/v2\/posts\/3142\/revisions"}],"predecessor-version":[{"id":3144,"href":"https:\/\/blogsaverroes.juntadeandalucia.es\/ceipcervantesalcala\/wp-json\/wp\/v2\/posts\/3142\/revisions\/3144"}],"wp:featuredmedia":[{"embeddable":true,"href":"https:\/\/blogsaverroes.juntadeandalucia.es\/ceipcervantesalcala\/wp-json\/wp\/v2\/media\/3143"}],"wp:attachment":[{"href":"https:\/\/blogsaverroes.juntadeandalucia.es\/ceipcervantesalcala\/wp-json\/wp\/v2\/media?parent=3142"}],"wp:term":[{"taxonomy":"category","embeddable":true,"href":"https:\/\/blogsaverroes.juntadeandalucia.es\/ceipcervantesalcala\/wp-json\/wp\/v2\/categories?post=3142"},{"taxonomy":"post_tag","embeddable":true,"href":"https:\/\/blogsaverroes.juntadeandalucia.es\/ceipcervantesalcala\/wp-json\/wp\/v2\/tags?post=3142"}],"curies":[{"name":"wp","href":"https:\/\/api.w.org\/{rel}","templated":true}]}}