{"id":4088,"date":"2021-06-21T14:16:39","date_gmt":"2021-06-21T12:16:39","guid":{"rendered":"https:\/\/blogsaverroes.juntadeandalucia.es\/ceipcervantesalcala\/?p=4088"},"modified":"2021-06-20T23:13:27","modified_gmt":"2021-06-20T21:13:27","slug":"punto-de-recogida-de-documentos","status":"publish","type":"post","link":"https:\/\/blogsaverroes.juntadeandalucia.es\/ceipcervantesalcala\/2021\/06\/21\/punto-de-recogida-de-documentos\/","title":{"rendered":"PUNTO DE RECOGIDA DE DOCUMENTOS"},"content":{"rendered":"<p>Los tutores legales recoger\u00e1n de forma telem\u00e1tica los documentos de evaluaci\u00f3n<br \/>\npublicados, a trav\u00e9s de PASEN e iPASEN, o mediante una URL de acceso directo <strong>a partir del d\u00eda 22 de junio. Los tutores legales del alumnado que terminan 6\u00ba tienen que recoger en EL PUNTO DE RECOGIDA UNA SERIE DE DOCUMENTOS E INFORMES FIN DE ETAPA.<\/strong><\/p>\n<h3><a href=\"https:\/\/blogsaverroes.juntadeandalucia.es\/ceipcervantesalcala\/files\/2020\/06\/doc08839520200617102904_001.jpg\"><img loading=\"lazy\" decoding=\"async\" class=\"aligncenter wp-image-4090 size-large\" src=\"https:\/\/blogsaverroes.juntadeandalucia.es\/ceipcervantesalcala\/files\/2020\/06\/doc08839520200617102904_001-724x1024.jpg\" alt=\"\" width=\"660\" height=\"933\" srcset=\"https:\/\/blogsaverroes.juntadeandalucia.es\/ceipcervantesalcala\/files\/2020\/06\/doc08839520200617102904_001-724x1024.jpg 724w, https:\/\/blogsaverroes.juntadeandalucia.es\/ceipcervantesalcala\/files\/2020\/06\/doc08839520200617102904_001-212x300.jpg 212w, https:\/\/blogsaverroes.juntadeandalucia.es\/ceipcervantesalcala\/files\/2020\/06\/doc08839520200617102904_001-768x1086.jpg 768w, https:\/\/blogsaverroes.juntadeandalucia.es\/ceipcervantesalcala\/files\/2020\/06\/doc08839520200617102904_001-700x990.jpg 700w, https:\/\/blogsaverroes.juntadeandalucia.es\/ceipcervantesalcala\/files\/2020\/06\/doc08839520200617102904_001-17x24.jpg 17w, https:\/\/blogsaverroes.juntadeandalucia.es\/ceipcervantesalcala\/files\/2020\/06\/doc08839520200617102904_001-25x36.jpg 25w, https:\/\/blogsaverroes.juntadeandalucia.es\/ceipcervantesalcala\/files\/2020\/06\/doc08839520200617102904_001-34x48.jpg 34w, https:\/\/blogsaverroes.juntadeandalucia.es\/ceipcervantesalcala\/files\/2020\/06\/doc08839520200617102904_001.jpg 1131w\" sizes=\"(max-width: 660px) 100vw, 660px\" \/><\/a><strong>EL ENLACE PARA EL ACCESO AL PUNTO DE RECOGIDA DE DOCUMENTOS ES:<\/strong><\/h3>\n<p><a href=\"https:\/\/seneca.juntadeandalucia.es\/seneca\/puntoderecogida\/index.html\">https:\/\/seneca.juntadeandalucia.es\/seneca\/puntoderecogida\/index.html<\/a><\/p>\n","protected":false},"excerpt":{"rendered":"<p>Los tutores legales recoger\u00e1n de forma telem\u00e1tica los documentos de evaluaci\u00f3n publicados, a trav\u00e9s de PASEN e iPASEN, o mediante una URL de acceso directo a partir del d\u00eda 22 de junio. Los tutores&#46;&#46;&#46;<\/p>\n","protected":false},"author":3504,"featured_media":4095,"comment_status":"closed","ping_status":"closed","sticky":false,"template":"","format":"standard","meta":{"ngg_post_thumbnail":0,"footnotes":""},"categories":[526],"tags":[],"aioseo_notices":[],"_links":{"self":[{"href":"https:\/\/blogsaverroes.juntadeandalucia.es\/ceipcervantesalcala\/wp-json\/wp\/v2\/posts\/4088"}],"collection":[{"href":"https:\/\/blogsaverroes.juntadeandalucia.es\/ceipcervantesalcala\/wp-json\/wp\/v2\/posts"}],"about":[{"href":"https:\/\/blogsaverroes.juntadeandalucia.es\/ceipcervantesalcala\/wp-json\/wp\/v2\/types\/post"}],"author":[{"embeddable":true,"href":"https:\/\/blogsaverroes.juntadeandalucia.es\/ceipcervantesalcala\/wp-json\/wp\/v2\/users\/3504"}],"replies":[{"embeddable":true,"href":"https:\/\/blogsaverroes.juntadeandalucia.es\/ceipcervantesalcala\/wp-json\/wp\/v2\/comments?post=4088"}],"version-history":[{"count":10,"href":"https:\/\/blogsaverroes.juntadeandalucia.es\/ceipcervantesalcala\/wp-json\/wp\/v2\/posts\/4088\/revisions"}],"predecessor-version":[{"id":4691,"href":"https:\/\/blogsaverroes.juntadeandalucia.es\/ceipcervantesalcala\/wp-json\/wp\/v2\/posts\/4088\/revisions\/4691"}],"wp:featuredmedia":[{"embeddable":true,"href":"https:\/\/blogsaverroes.juntadeandalucia.es\/ceipcervantesalcala\/wp-json\/wp\/v2\/media\/4095"}],"wp:attachment":[{"href":"https:\/\/blogsaverroes.juntadeandalucia.es\/ceipcervantesalcala\/wp-json\/wp\/v2\/media?parent=4088"}],"wp:term":[{"taxonomy":"category","embeddable":true,"href":"https:\/\/blogsaverroes.juntadeandalucia.es\/ceipcervantesalcala\/wp-json\/wp\/v2\/categories?post=4088"},{"taxonomy":"post_tag","embeddable":true,"href":"https:\/\/blogsaverroes.juntadeandalucia.es\/ceipcervantesalcala\/wp-json\/wp\/v2\/tags?post=4088"}],"curies":[{"name":"wp","href":"https:\/\/api.w.org\/{rel}","templated":true}]}}