{"id":4480,"date":"2021-03-08T18:07:26","date_gmt":"2021-03-08T16:07:26","guid":{"rendered":"https:\/\/blogsaverroes.juntadeandalucia.es\/ceipcervantesalcala\/?p=4480"},"modified":"2021-03-08T18:09:17","modified_gmt":"2021-03-08T16:09:17","slug":"8-de-marzo-2","status":"publish","type":"post","link":"https:\/\/blogsaverroes.juntadeandalucia.es\/ceipcervantesalcala\/2021\/03\/08\/8-de-marzo-2\/","title":{"rendered":"8 DE MARZO"},"content":{"rendered":"<p>Con diversas actividades se ha celebrado el D\u00eda 8 de marzo, D\u00eda Internacional de la Mujer en nuestro colegio. Dejamos algunas im\u00e1genes de las actividades realizadas.<\/p>\n<p>EDUCACI\u00d3N PRIMARIA<\/p>\n<p><a href=\"https:\/\/blogsaverroes.juntadeandalucia.es\/ceipcervantesalcala\/files\/2021\/03\/WhatsApp-Image-2021-03-08-at-15.35.11-1.jpeg\"><img loading=\"lazy\" decoding=\"async\" class=\"alignnone size-medium wp-image-4481\" src=\"https:\/\/blogsaverroes.juntadeandalucia.es\/ceipcervantesalcala\/files\/2021\/03\/WhatsApp-Image-2021-03-08-at-15.35.11-1-169x300.jpeg\" alt=\"\" width=\"169\" height=\"300\" srcset=\"https:\/\/blogsaverroes.juntadeandalucia.es\/ceipcervantesalcala\/files\/2021\/03\/WhatsApp-Image-2021-03-08-at-15.35.11-1-169x300.jpeg 169w, https:\/\/blogsaverroes.juntadeandalucia.es\/ceipcervantesalcala\/files\/2021\/03\/WhatsApp-Image-2021-03-08-at-15.35.11-1-576x1024.jpeg 576w, https:\/\/blogsaverroes.juntadeandalucia.es\/ceipcervantesalcala\/files\/2021\/03\/WhatsApp-Image-2021-03-08-at-15.35.11-1-768x1365.jpeg 768w, https:\/\/blogsaverroes.juntadeandalucia.es\/ceipcervantesalcala\/files\/2021\/03\/WhatsApp-Image-2021-03-08-at-15.35.11-1-864x1536.jpeg 864w, https:\/\/blogsaverroes.juntadeandalucia.es\/ceipcervantesalcala\/files\/2021\/03\/WhatsApp-Image-2021-03-08-at-15.35.11-1-700x1244.jpeg 700w, https:\/\/blogsaverroes.juntadeandalucia.es\/ceipcervantesalcala\/files\/2021\/03\/WhatsApp-Image-2021-03-08-at-15.35.11-1.jpeg 900w\" sizes=\"(max-width: 169px) 100vw, 169px\" \/><\/a> <a href=\"https:\/\/blogsaverroes.juntadeandalucia.es\/ceipcervantesalcala\/files\/2021\/03\/WhatsApp-Image-2021-03-08-at-15.35.11.jpeg\"><img loading=\"lazy\" decoding=\"async\" class=\"alignnone size-medium wp-image-4482\" src=\"https:\/\/blogsaverroes.juntadeandalucia.es\/ceipcervantesalcala\/files\/2021\/03\/WhatsApp-Image-2021-03-08-at-15.35.11-169x300.jpeg\" alt=\"\" width=\"169\" height=\"300\" srcset=\"https:\/\/blogsaverroes.juntadeandalucia.es\/ceipcervantesalcala\/files\/2021\/03\/WhatsApp-Image-2021-03-08-at-15.35.11-169x300.jpeg 169w, https:\/\/blogsaverroes.juntadeandalucia.es\/ceipcervantesalcala\/files\/2021\/03\/WhatsApp-Image-2021-03-08-at-15.35.11-576x1024.jpeg 576w, https:\/\/blogsaverroes.juntadeandalucia.es\/ceipcervantesalcala\/files\/2021\/03\/WhatsApp-Image-2021-03-08-at-15.35.11-768x1365.jpeg 768w, https:\/\/blogsaverroes.juntadeandalucia.es\/ceipcervantesalcala\/files\/2021\/03\/WhatsApp-Image-2021-03-08-at-15.35.11-864x1536.jpeg 864w, https:\/\/blogsaverroes.juntadeandalucia.es\/ceipcervantesalcala\/files\/2021\/03\/WhatsApp-Image-2021-03-08-at-15.35.11-700x1244.jpeg 700w, https:\/\/blogsaverroes.juntadeandalucia.es\/ceipcervantesalcala\/files\/2021\/03\/WhatsApp-Image-2021-03-08-at-15.35.11.jpeg 900w\" sizes=\"(max-width: 169px) 100vw, 169px\" \/><\/a> <a href=\"https:\/\/blogsaverroes.juntadeandalucia.es\/ceipcervantesalcala\/files\/2021\/03\/WhatsApp-Image-2021-03-08-at-15.35.10-1.jpeg\"><img loading=\"lazy\" decoding=\"async\" class=\"alignnone size-medium wp-image-4484\" src=\"https:\/\/blogsaverroes.juntadeandalucia.es\/ceipcervantesalcala\/files\/2021\/03\/WhatsApp-Image-2021-03-08-at-15.35.10-1-169x300.jpeg\" alt=\"\" width=\"169\" height=\"300\" srcset=\"https:\/\/blogsaverroes.juntadeandalucia.es\/ceipcervantesalcala\/files\/2021\/03\/WhatsApp-Image-2021-03-08-at-15.35.10-1-169x300.jpeg 169w, https:\/\/blogsaverroes.juntadeandalucia.es\/ceipcervantesalcala\/files\/2021\/03\/WhatsApp-Image-2021-03-08-at-15.35.10-1-576x1024.jpeg 576w, https:\/\/blogsaverroes.juntadeandalucia.es\/ceipcervantesalcala\/files\/2021\/03\/WhatsApp-Image-2021-03-08-at-15.35.10-1-768x1365.jpeg 768w, https:\/\/blogsaverroes.juntadeandalucia.es\/ceipcervantesalcala\/files\/2021\/03\/WhatsApp-Image-2021-03-08-at-15.35.10-1-864x1536.jpeg 864w, https:\/\/blogsaverroes.juntadeandalucia.es\/ceipcervantesalcala\/files\/2021\/03\/WhatsApp-Image-2021-03-08-at-15.35.10-1-700x1244.jpeg 700w, https:\/\/blogsaverroes.juntadeandalucia.es\/ceipcervantesalcala\/files\/2021\/03\/WhatsApp-Image-2021-03-08-at-15.35.10-1.jpeg 900w\" sizes=\"(max-width: 169px) 100vw, 169px\" \/><\/a> <a href=\"https:\/\/blogsaverroes.juntadeandalucia.es\/ceipcervantesalcala\/files\/2021\/03\/WhatsApp-Image-2021-03-08-at-15.35.10-2.jpeg\"><img loading=\"lazy\" decoding=\"async\" class=\"alignnone size-medium wp-image-4485\" src=\"https:\/\/blogsaverroes.juntadeandalucia.es\/ceipcervantesalcala\/files\/2021\/03\/WhatsApp-Image-2021-03-08-at-15.35.10-2-169x300.jpeg\" alt=\"\" width=\"169\" height=\"300\" srcset=\"https:\/\/blogsaverroes.juntadeandalucia.es\/ceipcervantesalcala\/files\/2021\/03\/WhatsApp-Image-2021-03-08-at-15.35.10-2-169x300.jpeg 169w, https:\/\/blogsaverroes.juntadeandalucia.es\/ceipcervantesalcala\/files\/2021\/03\/WhatsApp-Image-2021-03-08-at-15.35.10-2-576x1024.jpeg 576w, https:\/\/blogsaverroes.juntadeandalucia.es\/ceipcervantesalcala\/files\/2021\/03\/WhatsApp-Image-2021-03-08-at-15.35.10-2-768x1365.jpeg 768w, https:\/\/blogsaverroes.juntadeandalucia.es\/ceipcervantesalcala\/files\/2021\/03\/WhatsApp-Image-2021-03-08-at-15.35.10-2-864x1536.jpeg 864w, https:\/\/blogsaverroes.juntadeandalucia.es\/ceipcervantesalcala\/files\/2021\/03\/WhatsApp-Image-2021-03-08-at-15.35.10-2-700x1244.jpeg 700w, https:\/\/blogsaverroes.juntadeandalucia.es\/ceipcervantesalcala\/files\/2021\/03\/WhatsApp-Image-2021-03-08-at-15.35.10-2.jpeg 900w\" sizes=\"(max-width: 169px) 100vw, 169px\" \/><\/a> <a href=\"https:\/\/blogsaverroes.juntadeandalucia.es\/ceipcervantesalcala\/files\/2021\/03\/WhatsApp-Image-2021-03-08-at-15.35.10-3.jpeg\"><img loading=\"lazy\" decoding=\"async\" class=\"alignnone size-medium wp-image-4486\" src=\"https:\/\/blogsaverroes.juntadeandalucia.es\/ceipcervantesalcala\/files\/2021\/03\/WhatsApp-Image-2021-03-08-at-15.35.10-3-169x300.jpeg\" alt=\"\" width=\"169\" height=\"300\" srcset=\"https:\/\/blogsaverroes.juntadeandalucia.es\/ceipcervantesalcala\/files\/2021\/03\/WhatsApp-Image-2021-03-08-at-15.35.10-3-169x300.jpeg 169w, https:\/\/blogsaverroes.juntadeandalucia.es\/ceipcervantesalcala\/files\/2021\/03\/WhatsApp-Image-2021-03-08-at-15.35.10-3-576x1024.jpeg 576w, https:\/\/blogsaverroes.juntadeandalucia.es\/ceipcervantesalcala\/files\/2021\/03\/WhatsApp-Image-2021-03-08-at-15.35.10-3-768x1365.jpeg 768w, https:\/\/blogsaverroes.juntadeandalucia.es\/ceipcervantesalcala\/files\/2021\/03\/WhatsApp-Image-2021-03-08-at-15.35.10-3-864x1536.jpeg 864w, https:\/\/blogsaverroes.juntadeandalucia.es\/ceipcervantesalcala\/files\/2021\/03\/WhatsApp-Image-2021-03-08-at-15.35.10-3-700x1244.jpeg 700w, https:\/\/blogsaverroes.juntadeandalucia.es\/ceipcervantesalcala\/files\/2021\/03\/WhatsApp-Image-2021-03-08-at-15.35.10-3.jpeg 900w\" sizes=\"(max-width: 169px) 100vw, 169px\" \/><\/a> <a href=\"https:\/\/blogsaverroes.juntadeandalucia.es\/ceipcervantesalcala\/files\/2021\/03\/WhatsApp-Image-2021-03-08-at-15.35.10.jpeg\"><img loading=\"lazy\" decoding=\"async\" class=\"alignnone size-medium wp-image-4487\" src=\"https:\/\/blogsaverroes.juntadeandalucia.es\/ceipcervantesalcala\/files\/2021\/03\/WhatsApp-Image-2021-03-08-at-15.35.10-169x300.jpeg\" alt=\"\" width=\"169\" height=\"300\" srcset=\"https:\/\/blogsaverroes.juntadeandalucia.es\/ceipcervantesalcala\/files\/2021\/03\/WhatsApp-Image-2021-03-08-at-15.35.10-169x300.jpeg 169w, https:\/\/blogsaverroes.juntadeandalucia.es\/ceipcervantesalcala\/files\/2021\/03\/WhatsApp-Image-2021-03-08-at-15.35.10-576x1024.jpeg 576w, https:\/\/blogsaverroes.juntadeandalucia.es\/ceipcervantesalcala\/files\/2021\/03\/WhatsApp-Image-2021-03-08-at-15.35.10-768x1365.jpeg 768w, https:\/\/blogsaverroes.juntadeandalucia.es\/ceipcervantesalcala\/files\/2021\/03\/WhatsApp-Image-2021-03-08-at-15.35.10-864x1536.jpeg 864w, https:\/\/blogsaverroes.juntadeandalucia.es\/ceipcervantesalcala\/files\/2021\/03\/WhatsApp-Image-2021-03-08-at-15.35.10-700x1244.jpeg 700w, https:\/\/blogsaverroes.juntadeandalucia.es\/ceipcervantesalcala\/files\/2021\/03\/WhatsApp-Image-2021-03-08-at-15.35.10.jpeg 900w\" sizes=\"(max-width: 169px) 100vw, 169px\" \/><\/a><\/p>\n<p><a href=\"https:\/\/blogsaverroes.juntadeandalucia.es\/ceipcervantesalcala\/files\/2021\/03\/1.jpeg\"><img loading=\"lazy\" decoding=\"async\" class=\"aligncenter wp-image-4483 size-large\" src=\"https:\/\/blogsaverroes.juntadeandalucia.es\/ceipcervantesalcala\/files\/2021\/03\/1-1024x576.jpeg\" alt=\"\" width=\"660\" height=\"371\" srcset=\"https:\/\/blogsaverroes.juntadeandalucia.es\/ceipcervantesalcala\/files\/2021\/03\/1-1024x576.jpeg 1024w, https:\/\/blogsaverroes.juntadeandalucia.es\/ceipcervantesalcala\/files\/2021\/03\/1-300x169.jpeg 300w, https:\/\/blogsaverroes.juntadeandalucia.es\/ceipcervantesalcala\/files\/2021\/03\/1-768x432.jpeg 768w, https:\/\/blogsaverroes.juntadeandalucia.es\/ceipcervantesalcala\/files\/2021\/03\/1-1536x864.jpeg 1536w, https:\/\/blogsaverroes.juntadeandalucia.es\/ceipcervantesalcala\/files\/2021\/03\/1-700x393.jpeg 700w, https:\/\/blogsaverroes.juntadeandalucia.es\/ceipcervantesalcala\/files\/2021\/03\/1.jpeg 1600w\" sizes=\"(max-width: 660px) 100vw, 660px\" \/><\/a><\/p>\n<p>EDUCACI\u00d3N INFANTIL<\/p>\n<p><a href=\"https:\/\/blogsaverroes.juntadeandalucia.es\/ceipcervantesalcala\/files\/2021\/03\/WhatsApp-Image-2021-03-08-at-15.41.35-2.jpeg\"><img loading=\"lazy\" decoding=\"async\" class=\"alignnone size-medium wp-image-4491\" src=\"https:\/\/blogsaverroes.juntadeandalucia.es\/ceipcervantesalcala\/files\/2021\/03\/WhatsApp-Image-2021-03-08-at-15.41.35-2-225x300.jpeg\" alt=\"\" width=\"225\" height=\"300\" srcset=\"https:\/\/blogsaverroes.juntadeandalucia.es\/ceipcervantesalcala\/files\/2021\/03\/WhatsApp-Image-2021-03-08-at-15.41.35-2-225x300.jpeg 225w, https:\/\/blogsaverroes.juntadeandalucia.es\/ceipcervantesalcala\/files\/2021\/03\/WhatsApp-Image-2021-03-08-at-15.41.35-2-768x1024.jpeg 768w, https:\/\/blogsaverroes.juntadeandalucia.es\/ceipcervantesalcala\/files\/2021\/03\/WhatsApp-Image-2021-03-08-at-15.41.35-2-1152x1536.jpeg 1152w, https:\/\/blogsaverroes.juntadeandalucia.es\/ceipcervantesalcala\/files\/2021\/03\/WhatsApp-Image-2021-03-08-at-15.41.35-2-700x933.jpeg 700w, https:\/\/blogsaverroes.juntadeandalucia.es\/ceipcervantesalcala\/files\/2021\/03\/WhatsApp-Image-2021-03-08-at-15.41.35-2.jpeg 1200w\" sizes=\"(max-width: 225px) 100vw, 225px\" \/><\/a><a href=\"https:\/\/blogsaverroes.juntadeandalucia.es\/ceipcervantesalcala\/files\/2021\/03\/WhatsApp-Image-2021-03-08-at-15.41.35-1.jpeg\"><img loading=\"lazy\" decoding=\"async\" class=\"alignnone size-medium wp-image-4490\" src=\"https:\/\/blogsaverroes.juntadeandalucia.es\/ceipcervantesalcala\/files\/2021\/03\/WhatsApp-Image-2021-03-08-at-15.41.35-1-225x300.jpeg\" alt=\"\" width=\"225\" height=\"300\" srcset=\"https:\/\/blogsaverroes.juntadeandalucia.es\/ceipcervantesalcala\/files\/2021\/03\/WhatsApp-Image-2021-03-08-at-15.41.35-1-225x300.jpeg 225w, https:\/\/blogsaverroes.juntadeandalucia.es\/ceipcervantesalcala\/files\/2021\/03\/WhatsApp-Image-2021-03-08-at-15.41.35-1-768x1024.jpeg 768w, https:\/\/blogsaverroes.juntadeandalucia.es\/ceipcervantesalcala\/files\/2021\/03\/WhatsApp-Image-2021-03-08-at-15.41.35-1-1152x1536.jpeg 1152w, https:\/\/blogsaverroes.juntadeandalucia.es\/ceipcervantesalcala\/files\/2021\/03\/WhatsApp-Image-2021-03-08-at-15.41.35-1-700x933.jpeg 700w, https:\/\/blogsaverroes.juntadeandalucia.es\/ceipcervantesalcala\/files\/2021\/03\/WhatsApp-Image-2021-03-08-at-15.41.35-1.jpeg 1200w\" sizes=\"(max-width: 225px) 100vw, 225px\" \/><\/a><a href=\"https:\/\/blogsaverroes.juntadeandalucia.es\/ceipcervantesalcala\/files\/2021\/03\/WhatsApp-Image-2021-03-08-at-15.41.35.jpeg\"><img loading=\"lazy\" decoding=\"async\" class=\"alignnone size-medium wp-image-4493\" src=\"https:\/\/blogsaverroes.juntadeandalucia.es\/ceipcervantesalcala\/files\/2021\/03\/WhatsApp-Image-2021-03-08-at-15.41.35-225x300.jpeg\" alt=\"\" width=\"225\" height=\"300\" srcset=\"https:\/\/blogsaverroes.juntadeandalucia.es\/ceipcervantesalcala\/files\/2021\/03\/WhatsApp-Image-2021-03-08-at-15.41.35-225x300.jpeg 225w, https:\/\/blogsaverroes.juntadeandalucia.es\/ceipcervantesalcala\/files\/2021\/03\/WhatsApp-Image-2021-03-08-at-15.41.35-768x1024.jpeg 768w, https:\/\/blogsaverroes.juntadeandalucia.es\/ceipcervantesalcala\/files\/2021\/03\/WhatsApp-Image-2021-03-08-at-15.41.35-1152x1536.jpeg 1152w, https:\/\/blogsaverroes.juntadeandalucia.es\/ceipcervantesalcala\/files\/2021\/03\/WhatsApp-Image-2021-03-08-at-15.41.35-700x933.jpeg 700w, https:\/\/blogsaverroes.juntadeandalucia.es\/ceipcervantesalcala\/files\/2021\/03\/WhatsApp-Image-2021-03-08-at-15.41.35.jpeg 1200w\" sizes=\"(max-width: 225px) 100vw, 225px\" \/><\/a><img loading=\"lazy\" decoding=\"async\" class=\"aligncenter wp-image-4492 size-large\" src=\"https:\/\/blogsaverroes.juntadeandalucia.es\/ceipcervantesalcala\/files\/2021\/03\/WhatsApp-Image-2021-03-08-at-15.41.35-3-1024x768.jpeg\" alt=\"\" width=\"660\" height=\"495\" srcset=\"https:\/\/blogsaverroes.juntadeandalucia.es\/ceipcervantesalcala\/files\/2021\/03\/WhatsApp-Image-2021-03-08-at-15.41.35-3-1024x768.jpeg 1024w, https:\/\/blogsaverroes.juntadeandalucia.es\/ceipcervantesalcala\/files\/2021\/03\/WhatsApp-Image-2021-03-08-at-15.41.35-3-300x225.jpeg 300w, https:\/\/blogsaverroes.juntadeandalucia.es\/ceipcervantesalcala\/files\/2021\/03\/WhatsApp-Image-2021-03-08-at-15.41.35-3-768x576.jpeg 768w, https:\/\/blogsaverroes.juntadeandalucia.es\/ceipcervantesalcala\/files\/2021\/03\/WhatsApp-Image-2021-03-08-at-15.41.35-3-1536x1152.jpeg 1536w, https:\/\/blogsaverroes.juntadeandalucia.es\/ceipcervantesalcala\/files\/2021\/03\/WhatsApp-Image-2021-03-08-at-15.41.35-3-700x525.jpeg 700w, https:\/\/blogsaverroes.juntadeandalucia.es\/ceipcervantesalcala\/files\/2021\/03\/WhatsApp-Image-2021-03-08-at-15.41.35-3.jpeg 1600w\" sizes=\"(max-width: 660px) 100vw, 660px\" \/><img loading=\"lazy\" decoding=\"async\" class=\"alignnone size-medium wp-image-4494\" src=\"https:\/\/blogsaverroes.juntadeandalucia.es\/ceipcervantesalcala\/files\/2021\/03\/WhatsApp-Image-2021-03-08-at-15.41.38-1-225x300.jpeg\" alt=\"\" width=\"225\" height=\"300\" srcset=\"https:\/\/blogsaverroes.juntadeandalucia.es\/ceipcervantesalcala\/files\/2021\/03\/WhatsApp-Image-2021-03-08-at-15.41.38-1-225x300.jpeg 225w, https:\/\/blogsaverroes.juntadeandalucia.es\/ceipcervantesalcala\/files\/2021\/03\/WhatsApp-Image-2021-03-08-at-15.41.38-1-768x1024.jpeg 768w, https:\/\/blogsaverroes.juntadeandalucia.es\/ceipcervantesalcala\/files\/2021\/03\/WhatsApp-Image-2021-03-08-at-15.41.38-1-1152x1536.jpeg 1152w, https:\/\/blogsaverroes.juntadeandalucia.es\/ceipcervantesalcala\/files\/2021\/03\/WhatsApp-Image-2021-03-08-at-15.41.38-1-700x933.jpeg 700w, https:\/\/blogsaverroes.juntadeandalucia.es\/ceipcervantesalcala\/files\/2021\/03\/WhatsApp-Image-2021-03-08-at-15.41.38-1.jpeg 1200w\" sizes=\"(max-width: 225px) 100vw, 225px\" \/><a href=\"https:\/\/blogsaverroes.juntadeandalucia.es\/ceipcervantesalcala\/files\/2021\/03\/WhatsApp-Image-2021-03-08-at-15.41.38.jpeg\"><img loading=\"lazy\" decoding=\"async\" class=\"alignnone size-medium wp-image-4488\" src=\"https:\/\/blogsaverroes.juntadeandalucia.es\/ceipcervantesalcala\/files\/2021\/03\/WhatsApp-Image-2021-03-08-at-15.41.38-225x300.jpeg\" alt=\"\" width=\"225\" height=\"300\" srcset=\"https:\/\/blogsaverroes.juntadeandalucia.es\/ceipcervantesalcala\/files\/2021\/03\/WhatsApp-Image-2021-03-08-at-15.41.38-225x300.jpeg 225w, https:\/\/blogsaverroes.juntadeandalucia.es\/ceipcervantesalcala\/files\/2021\/03\/WhatsApp-Image-2021-03-08-at-15.41.38-768x1024.jpeg 768w, https:\/\/blogsaverroes.juntadeandalucia.es\/ceipcervantesalcala\/files\/2021\/03\/WhatsApp-Image-2021-03-08-at-15.41.38-1152x1536.jpeg 1152w, https:\/\/blogsaverroes.juntadeandalucia.es\/ceipcervantesalcala\/files\/2021\/03\/WhatsApp-Image-2021-03-08-at-15.41.38-700x933.jpeg 700w, https:\/\/blogsaverroes.juntadeandalucia.es\/ceipcervantesalcala\/files\/2021\/03\/WhatsApp-Image-2021-03-08-at-15.41.38.jpeg 1200w\" sizes=\"(max-width: 225px) 100vw, 225px\" \/><\/a> <a href=\"https:\/\/blogsaverroes.juntadeandalucia.es\/ceipcervantesalcala\/files\/2021\/03\/WhatsApp-Image-2021-03-08-at-15.41.39.jpeg\"><img loading=\"lazy\" decoding=\"async\" class=\"alignnone wp-image-4489 size-large\" src=\"https:\/\/blogsaverroes.juntadeandalucia.es\/ceipcervantesalcala\/files\/2021\/03\/WhatsApp-Image-2021-03-08-at-15.41.39-1024x768.jpeg\" alt=\"\" width=\"660\" height=\"495\" srcset=\"https:\/\/blogsaverroes.juntadeandalucia.es\/ceipcervantesalcala\/files\/2021\/03\/WhatsApp-Image-2021-03-08-at-15.41.39-1024x768.jpeg 1024w, https:\/\/blogsaverroes.juntadeandalucia.es\/ceipcervantesalcala\/files\/2021\/03\/WhatsApp-Image-2021-03-08-at-15.41.39-300x225.jpeg 300w, https:\/\/blogsaverroes.juntadeandalucia.es\/ceipcervantesalcala\/files\/2021\/03\/WhatsApp-Image-2021-03-08-at-15.41.39-768x576.jpeg 768w, https:\/\/blogsaverroes.juntadeandalucia.es\/ceipcervantesalcala\/files\/2021\/03\/WhatsApp-Image-2021-03-08-at-15.41.39-1536x1152.jpeg 1536w, https:\/\/blogsaverroes.juntadeandalucia.es\/ceipcervantesalcala\/files\/2021\/03\/WhatsApp-Image-2021-03-08-at-15.41.39-700x525.jpeg 700w, https:\/\/blogsaverroes.juntadeandalucia.es\/ceipcervantesalcala\/files\/2021\/03\/WhatsApp-Image-2021-03-08-at-15.41.39.jpeg 1600w\" sizes=\"(max-width: 660px) 100vw, 660px\" \/><\/a><\/p>\n","protected":false},"excerpt":{"rendered":"<p>Con diversas actividades se ha celebrado el D\u00eda 8 de marzo, D\u00eda Internacional de la Mujer en nuestro colegio. Dejamos algunas im\u00e1genes de las actividades realizadas. EDUCACI\u00d3N PRIMARIA EDUCACI\u00d3N INFANTIL<\/p>\n","protected":false},"author":3504,"featured_media":4495,"comment_status":"closed","ping_status":"closed","sticky":false,"template":"","format":"standard","meta":{"ngg_post_thumbnail":0,"footnotes":""},"categories":[526],"tags":[2328908,2328907,2328909,286,6026,593,362,345346],"aioseo_notices":[],"_links":{"self":[{"href":"https:\/\/blogsaverroes.juntadeandalucia.es\/ceipcervantesalcala\/wp-json\/wp\/v2\/posts\/4480"}],"collection":[{"href":"https:\/\/blogsaverroes.juntadeandalucia.es\/ceipcervantesalcala\/wp-json\/wp\/v2\/posts"}],"about":[{"href":"https:\/\/blogsaverroes.juntadeandalucia.es\/ceipcervantesalcala\/wp-json\/wp\/v2\/types\/post"}],"author":[{"embeddable":true,"href":"https:\/\/blogsaverroes.juntadeandalucia.es\/ceipcervantesalcala\/wp-json\/wp\/v2\/users\/3504"}],"replies":[{"embeddable":true,"href":"https:\/\/blogsaverroes.juntadeandalucia.es\/ceipcervantesalcala\/wp-json\/wp\/v2\/comments?post=4480"}],"version-history":[{"count":2,"href":"https:\/\/blogsaverroes.juntadeandalucia.es\/ceipcervantesalcala\/wp-json\/wp\/v2\/posts\/4480\/revisions"}],"predecessor-version":[{"id":4497,"href":"https:\/\/blogsaverroes.juntadeandalucia.es\/ceipcervantesalcala\/wp-json\/wp\/v2\/posts\/4480\/revisions\/4497"}],"wp:featuredmedia":[{"embeddable":true,"href":"https:\/\/blogsaverroes.juntadeandalucia.es\/ceipcervantesalcala\/wp-json\/wp\/v2\/media\/4495"}],"wp:attachment":[{"href":"https:\/\/blogsaverroes.juntadeandalucia.es\/ceipcervantesalcala\/wp-json\/wp\/v2\/media?parent=4480"}],"wp:term":[{"taxonomy":"category","embeddable":true,"href":"https:\/\/blogsaverroes.juntadeandalucia.es\/ceipcervantesalcala\/wp-json\/wp\/v2\/categories?post=4480"},{"taxonomy":"post_tag","embeddable":true,"href":"https:\/\/blogsaverroes.juntadeandalucia.es\/ceipcervantesalcala\/wp-json\/wp\/v2\/tags?post=4480"}],"curies":[{"name":"wp","href":"https:\/\/api.w.org\/{rel}","templated":true}]}}