{"id":4938,"date":"2022-01-18T10:07:23","date_gmt":"2022-01-18T08:07:23","guid":{"rendered":"https:\/\/blogsaverroes.juntadeandalucia.es\/ceipcervantesalcala\/?p=4938"},"modified":"2022-01-18T10:23:16","modified_gmt":"2022-01-18T08:23:16","slug":"protocolo-covid","status":"publish","type":"post","link":"https:\/\/blogsaverroes.juntadeandalucia.es\/ceipcervantesalcala\/2022\/01\/18\/protocolo-covid\/","title":{"rendered":"PROTOCOLO COVID"},"content":{"rendered":"<p>A CONTINUACI\u00d3N PRESENTAMOS EL PROTOCOLO COVID DE NUESTRO COLEGIO ACTUALIZADO CON FECHA 11 DE ENERO DE 2.22 SIGUIENDO LAS \u00daLTIMAS INSTRUCCIONES DADAS POR LA JUNTA DE ANDALUC\u00cdA.<\/p>\n<p><a href=\"https:\/\/blogsaverroes.juntadeandalucia.es\/ceipcervantesalcala\/files\/2022\/01\/PROTOCOLO-COVID-19-revisi\u00f3n-2T-21-22-con-anexos.pdf\">PROTOCOLO COVID-19 revisi\u00f3n 2T 21-22 con anexos<\/a><\/p>\n","protected":false},"excerpt":{"rendered":"<p>A CONTINUACI\u00d3N PRESENTAMOS EL PROTOCOLO COVID DE NUESTRO COLEGIO ACTUALIZADO CON FECHA 11 DE ENERO DE 2.22 SIGUIENDO LAS \u00daLTIMAS INSTRUCCIONES DADAS POR LA JUNTA DE ANDALUC\u00cdA. PROTOCOLO COVID-19 revisi\u00f3n 2T 21-22 con anexos<\/p>\n","protected":false},"author":3504,"featured_media":4940,"comment_status":"closed","ping_status":"closed","sticky":false,"template":"","format":"standard","meta":{"ngg_post_thumbnail":0,"footnotes":""},"categories":[526],"tags":[],"aioseo_notices":[],"_links":{"self":[{"href":"https:\/\/blogsaverroes.juntadeandalucia.es\/ceipcervantesalcala\/wp-json\/wp\/v2\/posts\/4938"}],"collection":[{"href":"https:\/\/blogsaverroes.juntadeandalucia.es\/ceipcervantesalcala\/wp-json\/wp\/v2\/posts"}],"about":[{"href":"https:\/\/blogsaverroes.juntadeandalucia.es\/ceipcervantesalcala\/wp-json\/wp\/v2\/types\/post"}],"author":[{"embeddable":true,"href":"https:\/\/blogsaverroes.juntadeandalucia.es\/ceipcervantesalcala\/wp-json\/wp\/v2\/users\/3504"}],"replies":[{"embeddable":true,"href":"https:\/\/blogsaverroes.juntadeandalucia.es\/ceipcervantesalcala\/wp-json\/wp\/v2\/comments?post=4938"}],"version-history":[{"count":3,"href":"https:\/\/blogsaverroes.juntadeandalucia.es\/ceipcervantesalcala\/wp-json\/wp\/v2\/posts\/4938\/revisions"}],"predecessor-version":[{"id":4943,"href":"https:\/\/blogsaverroes.juntadeandalucia.es\/ceipcervantesalcala\/wp-json\/wp\/v2\/posts\/4938\/revisions\/4943"}],"wp:featuredmedia":[{"embeddable":true,"href":"https:\/\/blogsaverroes.juntadeandalucia.es\/ceipcervantesalcala\/wp-json\/wp\/v2\/media\/4940"}],"wp:attachment":[{"href":"https:\/\/blogsaverroes.juntadeandalucia.es\/ceipcervantesalcala\/wp-json\/wp\/v2\/media?parent=4938"}],"wp:term":[{"taxonomy":"category","embeddable":true,"href":"https:\/\/blogsaverroes.juntadeandalucia.es\/ceipcervantesalcala\/wp-json\/wp\/v2\/categories?post=4938"},{"taxonomy":"post_tag","embeddable":true,"href":"https:\/\/blogsaverroes.juntadeandalucia.es\/ceipcervantesalcala\/wp-json\/wp\/v2\/tags?post=4938"}],"curies":[{"name":"wp","href":"https:\/\/api.w.org\/{rel}","templated":true}]}}