{"id":10105,"date":"2025-02-25T09:42:39","date_gmt":"2025-02-25T09:42:39","guid":{"rendered":"https:\/\/blogsaverroes.juntadeandalucia.es\/ceipcervantesalhama\/?p=10105"},"modified":"2025-02-25T09:42:39","modified_gmt":"2025-02-25T09:42:39","slug":"el-mascareo-llega-al-ceip-cervantes-alhama-de-granada","status":"publish","type":"post","link":"https:\/\/blogsaverroes.juntadeandalucia.es\/ceipcervantesalhama\/el-mascareo-llega-al-ceip-cervantes-alhama-de-granada\/","title":{"rendered":"\u00a1El mascareo llega al CEIP Cervantes! &#8211; Alhama de Granada"},"content":{"rendered":"<p>El CEIP Cervantes est\u00e1 de carnaval.<\/p>\n<p>En la ma\u00f1ana de hoy se est\u00e1 llevando a cabo un taller de m\u00e1scara tradicional \u00abjame\u00f1a\u00bb gracias a la organizaci\u00f3n del Excmo. Ayuntamiento de Alhama de Granada y en especial al \u00e1rea de la mujer, aportando las monitoras para su realizaci\u00f3n, y gracias tambi\u00e9n al AMPA La Joya que ha donado los trapos para que cada alumno o alumna pueda realizar su m\u00e1scara.<\/p>\n<p>Es muy importante que trabajemos por mantener las tradiciones para que nuestra identidad no se diluya con el paso del tiempo.<\/p>\n<p>&nbsp;<\/p>\n","protected":false},"excerpt":{"rendered":"<p>El CEIP Cervantes est\u00e1 de carnaval. En la ma\u00f1ana de hoy se est\u00e1 llevando a cabo un taller de m\u00e1scara tradicional \u00abjame\u00f1a\u00bb gracias a la&hellip;<\/p>\n","protected":false},"author":2242,"featured_media":10106,"comment_status":"open","ping_status":"open","sticky":false,"template":"","format":"standard","meta":{"ngg_post_thumbnail":0,"footnotes":""},"categories":[11909],"tags":[],"aioseo_notices":[],"_links":{"self":[{"href":"https:\/\/blogsaverroes.juntadeandalucia.es\/ceipcervantesalhama\/wp-json\/wp\/v2\/posts\/10105"}],"collection":[{"href":"https:\/\/blogsaverroes.juntadeandalucia.es\/ceipcervantesalhama\/wp-json\/wp\/v2\/posts"}],"about":[{"href":"https:\/\/blogsaverroes.juntadeandalucia.es\/ceipcervantesalhama\/wp-json\/wp\/v2\/types\/post"}],"author":[{"embeddable":true,"href":"https:\/\/blogsaverroes.juntadeandalucia.es\/ceipcervantesalhama\/wp-json\/wp\/v2\/users\/2242"}],"replies":[{"embeddable":true,"href":"https:\/\/blogsaverroes.juntadeandalucia.es\/ceipcervantesalhama\/wp-json\/wp\/v2\/comments?post=10105"}],"version-history":[{"count":1,"href":"https:\/\/blogsaverroes.juntadeandalucia.es\/ceipcervantesalhama\/wp-json\/wp\/v2\/posts\/10105\/revisions"}],"predecessor-version":[{"id":10107,"href":"https:\/\/blogsaverroes.juntadeandalucia.es\/ceipcervantesalhama\/wp-json\/wp\/v2\/posts\/10105\/revisions\/10107"}],"wp:featuredmedia":[{"embeddable":true,"href":"https:\/\/blogsaverroes.juntadeandalucia.es\/ceipcervantesalhama\/wp-json\/wp\/v2\/media\/10106"}],"wp:attachment":[{"href":"https:\/\/blogsaverroes.juntadeandalucia.es\/ceipcervantesalhama\/wp-json\/wp\/v2\/media?parent=10105"}],"wp:term":[{"taxonomy":"category","embeddable":true,"href":"https:\/\/blogsaverroes.juntadeandalucia.es\/ceipcervantesalhama\/wp-json\/wp\/v2\/categories?post=10105"},{"taxonomy":"post_tag","embeddable":true,"href":"https:\/\/blogsaverroes.juntadeandalucia.es\/ceipcervantesalhama\/wp-json\/wp\/v2\/tags?post=10105"}],"curies":[{"name":"wp","href":"https:\/\/api.w.org\/{rel}","templated":true}]}}