{"id":10302,"date":"2025-06-05T12:08:47","date_gmt":"2025-06-05T12:08:47","guid":{"rendered":"https:\/\/blogsaverroes.juntadeandalucia.es\/ceipcervantesalhama\/?p=10302"},"modified":"2025-06-05T12:09:18","modified_gmt":"2025-06-05T12:09:18","slug":"10302-2","status":"publish","type":"post","link":"https:\/\/blogsaverroes.juntadeandalucia.es\/ceipcervantesalhama\/10302-2\/","title":{"rendered":""},"content":{"rendered":"<h2 data-sourcepos=\"5:1-5:67\">Encuentra tu centro en el CEIP Cervantes con \u00abYoga para Todos\u00bb!<\/h2>\n<p data-sourcepos=\"7:1-7:366\">El 5 de junio, los pasillos del CEIP Cervantes se llenaron de calma y concentraci\u00f3n gracias a la actividad <strong>\u00abYoga para Todos\u00bb<\/strong>. Nuestros alumnos tuvieron la fant\u00e1stica oportunidad de participar en un taller ofrecido por la <strong>Asociaci\u00f3n Alhama Sana ASANA<\/strong>, que trajo los beneficios de esta antigua pr\u00e1ctica a nuestro centro.<\/p>\n<hr data-sourcepos=\"9:1-9:3\">\n<h3 data-sourcepos=\"11:1-11:49\">Un viaje hacia la tranquilidad y el bienestar<\/h3>\n<p data-sourcepos=\"13:1-13:393\">Desde el primer momento, el ambiente en el taller fue de paz y atenci\u00f3n. Los instructores de ASANA guiaron a nuestros estudiantes a trav\u00e9s de una serie de posturas (asanas), ejercicios de respiraci\u00f3n (pranayama) y momentos de relajaci\u00f3n y meditaci\u00f3n. \u00a1Fue incre\u00edble ver c\u00f3mo nuestros alumnos, desde los m\u00e1s peque\u00f1os hasta los mayores, se entregaban a la pr\u00e1ctica con tanta seriedad y disfrute!<\/p>\n<p data-sourcepos=\"15:1-15:371\">Aprendieron a escuchar su cuerpo, a coordinar el movimiento con la respiraci\u00f3n y a encontrar un espacio de quietud en medio del ajetreo diario. M\u00e1s all\u00e1 de la flexibilidad f\u00edsica, el yoga les ense\u00f1\u00f3 la importancia de la concentraci\u00f3n, la paciencia y el autoconocimiento. Observar sus caritas de asombro y sus cuerpos estir\u00e1ndose en nuevas formas fue realmente inspirador.<\/p>\n<hr data-sourcepos=\"17:1-17:3\">\n<h3 data-sourcepos=\"19:1-19:52\">M\u00e1s que posturas: Beneficios para cuerpo y mente<\/h3>\n<p data-sourcepos=\"21:1-21:382\">Esta actividad no solo fue un ejercicio f\u00edsico; fue una valiosa herramienta para fomentar el bienestar integral de nuestros alumnos. En un mundo cada vez m\u00e1s r\u00e1pido, el yoga les ofrece un espacio para desconectar, reducir el estr\u00e9s y mejorar su equilibrio emocional. Les ayuda a gestionar sus emociones, a desarrollar una mayor conciencia corporal y a cultivar una actitud positiva.<\/p>\n<p data-sourcepos=\"23:1-23:248\">Desde el CEIP Cervantes, estamos comprometidos con la educaci\u00f3n integral de nuestros estudiantes, y actividades como \u00abYoga para Todos\u00bb son fundamentales para complementar su formaci\u00f3n acad\u00e9mica con herramientas para una vida m\u00e1s plena y consciente.<\/p>\n<hr data-sourcepos=\"25:1-25:3\">\n<h3 data-sourcepos=\"27:1-27:43\">\u00a1Gracias, Asociaci\u00f3n Alhama Sana ASANA!<\/h3>\n<p data-sourcepos=\"29:1-29:272\">Queremos expresar nuestro m\u00e1s sincero agradecimiento a la <strong>Asociaci\u00f3n Alhama Sana ASANA<\/strong> por compartir su sabidur\u00eda y pasi\u00f3n con nuestra comunidad escolar. Su dedicaci\u00f3n y la forma en que conectaron con nuestros alumnos hicieron de este taller una experiencia memorable.<\/p>\n<p data-sourcepos=\"31:1-31:106\">Esperamos poder seguir ofreciendo este tipo de actividades que enriquecen la vida de nuestros estudiantes.<\/p>\n<p data-sourcepos=\"33:1-33:47\">\u00bfTe animar\u00edas a probar el yoga en tu d\u00eda a d\u00eda?<\/p>\n","protected":false},"excerpt":{"rendered":"<p>Encuentra tu centro en el CEIP Cervantes con \u00abYoga para Todos\u00bb! El 5 de junio, los pasillos del CEIP Cervantes se llenaron de calma y&hellip;<\/p>\n","protected":false},"author":2242,"featured_media":10303,"comment_status":"open","ping_status":"open","sticky":false,"template":"","format":"standard","meta":{"ngg_post_thumbnail":0,"footnotes":""},"categories":[11909],"tags":[],"aioseo_notices":[],"_links":{"self":[{"href":"https:\/\/blogsaverroes.juntadeandalucia.es\/ceipcervantesalhama\/wp-json\/wp\/v2\/posts\/10302"}],"collection":[{"href":"https:\/\/blogsaverroes.juntadeandalucia.es\/ceipcervantesalhama\/wp-json\/wp\/v2\/posts"}],"about":[{"href":"https:\/\/blogsaverroes.juntadeandalucia.es\/ceipcervantesalhama\/wp-json\/wp\/v2\/types\/post"}],"author":[{"embeddable":true,"href":"https:\/\/blogsaverroes.juntadeandalucia.es\/ceipcervantesalhama\/wp-json\/wp\/v2\/users\/2242"}],"replies":[{"embeddable":true,"href":"https:\/\/blogsaverroes.juntadeandalucia.es\/ceipcervantesalhama\/wp-json\/wp\/v2\/comments?post=10302"}],"version-history":[{"count":2,"href":"https:\/\/blogsaverroes.juntadeandalucia.es\/ceipcervantesalhama\/wp-json\/wp\/v2\/posts\/10302\/revisions"}],"predecessor-version":[{"id":10305,"href":"https:\/\/blogsaverroes.juntadeandalucia.es\/ceipcervantesalhama\/wp-json\/wp\/v2\/posts\/10302\/revisions\/10305"}],"wp:featuredmedia":[{"embeddable":true,"href":"https:\/\/blogsaverroes.juntadeandalucia.es\/ceipcervantesalhama\/wp-json\/wp\/v2\/media\/10303"}],"wp:attachment":[{"href":"https:\/\/blogsaverroes.juntadeandalucia.es\/ceipcervantesalhama\/wp-json\/wp\/v2\/media?parent=10302"}],"wp:term":[{"taxonomy":"category","embeddable":true,"href":"https:\/\/blogsaverroes.juntadeandalucia.es\/ceipcervantesalhama\/wp-json\/wp\/v2\/categories?post=10302"},{"taxonomy":"post_tag","embeddable":true,"href":"https:\/\/blogsaverroes.juntadeandalucia.es\/ceipcervantesalhama\/wp-json\/wp\/v2\/tags?post=10302"}],"curies":[{"name":"wp","href":"https:\/\/api.w.org\/{rel}","templated":true}]}}