{"id":8496,"date":"2023-03-02T09:50:14","date_gmt":"2023-03-02T09:50:14","guid":{"rendered":"http:\/\/blogsaverroes.juntadeandalucia.es\/ceipcervantesalhama\/?p=8496"},"modified":"2023-03-02T09:50:14","modified_gmt":"2023-03-02T09:50:14","slug":"exposicion-pleamar","status":"publish","type":"post","link":"https:\/\/blogsaverroes.juntadeandalucia.es\/ceipcervantesalhama\/exposicion-pleamar\/","title":{"rendered":"Exposici\u00f3n Pleamar"},"content":{"rendered":"<p>Hola a <a href=\"mailto:tod@s:\">tod@s:<\/a><\/p>\n<p>Os quiero informar de que contamos en el centro desde la semana pasada con la exposici\u00f3n Pleamar, prestada por la Delegaci\u00f3n Territorial de Medio Ambiente de Granada.<\/p>\n<p>Esta exposici\u00f3n ofrece informaci\u00f3n acerca de todo el litoral andaluz, su casu\u00edstica, problem\u00e1ticas, etc.<\/p>\n<p>En la biblioteca contamos con algunos cuadernillos de actividades y de ampliaci\u00f3n de la informaci\u00f3n para su consulta y disfrute. Tambi\u00e9n podemos asesorar sobre d\u00f3nde encontrar estos recursos de manera telem\u00e1tica.<\/p>\n<p>La exposici\u00f3n estar\u00e1 disponible durante las primeras semanas de marzo, y se encuentra instalada en la sala del antiguo gimnasio.<\/p>\n<p>Un saludo.<\/p>\n","protected":false},"excerpt":{"rendered":"<p>Hola a tod@s: Os quiero informar de que contamos en el centro desde la semana pasada con la exposici\u00f3n Pleamar, prestada por la Delegaci\u00f3n Territorial&hellip;<\/p>\n","protected":false},"author":2242,"featured_media":8497,"comment_status":"open","ping_status":"open","sticky":false,"template":"","format":"standard","meta":{"ngg_post_thumbnail":0,"footnotes":""},"categories":[5991,213,25490,306470,19,526],"tags":[],"aioseo_notices":[],"_links":{"self":[{"href":"https:\/\/blogsaverroes.juntadeandalucia.es\/ceipcervantesalhama\/wp-json\/wp\/v2\/posts\/8496"}],"collection":[{"href":"https:\/\/blogsaverroes.juntadeandalucia.es\/ceipcervantesalhama\/wp-json\/wp\/v2\/posts"}],"about":[{"href":"https:\/\/blogsaverroes.juntadeandalucia.es\/ceipcervantesalhama\/wp-json\/wp\/v2\/types\/post"}],"author":[{"embeddable":true,"href":"https:\/\/blogsaverroes.juntadeandalucia.es\/ceipcervantesalhama\/wp-json\/wp\/v2\/users\/2242"}],"replies":[{"embeddable":true,"href":"https:\/\/blogsaverroes.juntadeandalucia.es\/ceipcervantesalhama\/wp-json\/wp\/v2\/comments?post=8496"}],"version-history":[{"count":1,"href":"https:\/\/blogsaverroes.juntadeandalucia.es\/ceipcervantesalhama\/wp-json\/wp\/v2\/posts\/8496\/revisions"}],"predecessor-version":[{"id":8498,"href":"https:\/\/blogsaverroes.juntadeandalucia.es\/ceipcervantesalhama\/wp-json\/wp\/v2\/posts\/8496\/revisions\/8498"}],"wp:featuredmedia":[{"embeddable":true,"href":"https:\/\/blogsaverroes.juntadeandalucia.es\/ceipcervantesalhama\/wp-json\/wp\/v2\/media\/8497"}],"wp:attachment":[{"href":"https:\/\/blogsaverroes.juntadeandalucia.es\/ceipcervantesalhama\/wp-json\/wp\/v2\/media?parent=8496"}],"wp:term":[{"taxonomy":"category","embeddable":true,"href":"https:\/\/blogsaverroes.juntadeandalucia.es\/ceipcervantesalhama\/wp-json\/wp\/v2\/categories?post=8496"},{"taxonomy":"post_tag","embeddable":true,"href":"https:\/\/blogsaverroes.juntadeandalucia.es\/ceipcervantesalhama\/wp-json\/wp\/v2\/tags?post=8496"}],"curies":[{"name":"wp","href":"https:\/\/api.w.org\/{rel}","templated":true}]}}