{"id":9009,"date":"2023-05-15T12:20:28","date_gmt":"2023-05-15T12:20:28","guid":{"rendered":"http:\/\/blogsaverroes.juntadeandalucia.es\/ceipcervantesalhama\/?p=9009"},"modified":"2023-05-15T12:20:28","modified_gmt":"2023-05-15T12:20:28","slug":"9009-2","status":"publish","type":"post","link":"https:\/\/blogsaverroes.juntadeandalucia.es\/ceipcervantesalhama\/9009-2\/","title":{"rendered":""},"content":{"rendered":"<p>Buenos d\u00edas, lleg\u00f3 el tanto esperado D\u00eda Internacional de la Familia, y la clase de 4 a\u00f1os junto con sus familias han realizado unos v\u00eddeos relacionados con el tema, donde cada familia bas\u00e1ndose en la canci\u00f3n FAMILIA DE LOCOS, han dejado volar su imaginaci\u00f3n y han hecho unos trabajos preciosos.<\/p>\n<p>Que al unirlos, este ha sido el resultado<\/p>\n<p>Deseo que pas\u00e9is un Feliz D\u00eda de la Familia, lo mejor que hay en el mundo y que hay que cuidar y valorar.<\/p>\n<p>Un abrazo<\/p>\n<p>Ana<\/p>\n<p style=\"text-align: center\"><a href=\"https:\/\/drive.google.com\/file\/d\/1e9okC58C7IMmiyxS33nnxyguRZ6tvgW8\/view?usp=share_link\">https:\/\/drive.google.com\/file\/d\/1e9okC58C7IMmiyxS33nnxyguRZ6tvgW8\/view?usp=share_link<\/a><\/p>\n","protected":false},"excerpt":{"rendered":"<p>Buenos d\u00edas, lleg\u00f3 el tanto esperado D\u00eda Internacional de la Familia, y la clase de 4 a\u00f1os junto con sus familias han realizado unos v\u00eddeos&hellip;<\/p>\n","protected":false},"author":14904,"featured_media":9011,"comment_status":"open","ping_status":"open","sticky":false,"template":"","format":"standard","meta":{"ngg_post_thumbnail":0,"footnotes":""},"categories":[25498],"tags":[],"aioseo_notices":[],"_links":{"self":[{"href":"https:\/\/blogsaverroes.juntadeandalucia.es\/ceipcervantesalhama\/wp-json\/wp\/v2\/posts\/9009"}],"collection":[{"href":"https:\/\/blogsaverroes.juntadeandalucia.es\/ceipcervantesalhama\/wp-json\/wp\/v2\/posts"}],"about":[{"href":"https:\/\/blogsaverroes.juntadeandalucia.es\/ceipcervantesalhama\/wp-json\/wp\/v2\/types\/post"}],"author":[{"embeddable":true,"href":"https:\/\/blogsaverroes.juntadeandalucia.es\/ceipcervantesalhama\/wp-json\/wp\/v2\/users\/14904"}],"replies":[{"embeddable":true,"href":"https:\/\/blogsaverroes.juntadeandalucia.es\/ceipcervantesalhama\/wp-json\/wp\/v2\/comments?post=9009"}],"version-history":[{"count":2,"href":"https:\/\/blogsaverroes.juntadeandalucia.es\/ceipcervantesalhama\/wp-json\/wp\/v2\/posts\/9009\/revisions"}],"predecessor-version":[{"id":9013,"href":"https:\/\/blogsaverroes.juntadeandalucia.es\/ceipcervantesalhama\/wp-json\/wp\/v2\/posts\/9009\/revisions\/9013"}],"wp:featuredmedia":[{"embeddable":true,"href":"https:\/\/blogsaverroes.juntadeandalucia.es\/ceipcervantesalhama\/wp-json\/wp\/v2\/media\/9011"}],"wp:attachment":[{"href":"https:\/\/blogsaverroes.juntadeandalucia.es\/ceipcervantesalhama\/wp-json\/wp\/v2\/media?parent=9009"}],"wp:term":[{"taxonomy":"category","embeddable":true,"href":"https:\/\/blogsaverroes.juntadeandalucia.es\/ceipcervantesalhama\/wp-json\/wp\/v2\/categories?post=9009"},{"taxonomy":"post_tag","embeddable":true,"href":"https:\/\/blogsaverroes.juntadeandalucia.es\/ceipcervantesalhama\/wp-json\/wp\/v2\/tags?post=9009"}],"curies":[{"name":"wp","href":"https:\/\/api.w.org\/{rel}","templated":true}]}}