{"id":2971,"date":"2019-04-01T09:18:00","date_gmt":"2019-04-01T09:18:00","guid":{"rendered":"https:\/\/blogsaverroes.juntadeandalucia.es\/ceipcesarbarrios\/"},"modified":"2019-04-01T09:18:00","modified_gmt":"2019-04-01T09:18:00","slug":"2971-2","status":"publish","type":"post","link":"https:\/\/blogsaverroes.juntadeandalucia.es\/ceipcesarbarrios\/2971-2\/","title":{"rendered":""},"content":{"rendered":"<p><span style=\"font-family: Courier New, Courier, monospace\">El pasado 29 de mazo nuestro alumno \u00c1lvaro Toscano Garc\u00eda recibi\u00f3 en el Ayuntamiento de Lepe una menci\u00f3n especial en el XVIII certamen de cuentos de la localidad gracias a su obra&nbsp; \u00abLa guerra de mi mam\u00e1\u00bb. Enhorabuena y sigue sonriendo c\u00f3mo siempre<\/span><\/p>\n<div style=\"clear: both;text-align: center\"><a href=\"https:\/\/4.bp.blogspot.com\/-CEEb_igTVcg\/XKHXT8DiGeI\/AAAAAAAADRk\/YwjbRJ0Ar2kOFxFdBR4313IY8QhDzEbiwCLcBGAs\/s1600\/IMG-20190401-WA0002.jpg\" style=\"margin-left: 1em;margin-right: 1em\"><img loading=\"lazy\" decoding=\"async\" border=\"0\" data-original-height=\"586\" data-original-width=\"440\" height=\"320\" src=\"https:\/\/4.bp.blogspot.com\/-CEEb_igTVcg\/XKHXT8DiGeI\/AAAAAAAADRk\/YwjbRJ0Ar2kOFxFdBR4313IY8QhDzEbiwCLcBGAs\/s320\/IMG-20190401-WA0002.jpg\" width=\"240\" \/><\/a><\/div>\n<p><\/p>\n<div style=\"clear: both;text-align: center\"><a href=\"https:\/\/4.bp.blogspot.com\/-56thoQBFve8\/XKHXTwu0bXI\/AAAAAAAADRg\/diGfrFAfpPwXIeaIGOIVnl4TvVmXvZ_DQCLcBGAs\/s1600\/IMG-20190401-WA0003.jpg\" style=\"margin-left: 1em;margin-right: 1em\"><img decoding=\"async\" border=\"0\" data-original-height=\"241\" data-original-width=\"181\" src=\"https:\/\/4.bp.blogspot.com\/-56thoQBFve8\/XKHXTwu0bXI\/AAAAAAAADRg\/diGfrFAfpPwXIeaIGOIVnl4TvVmXvZ_DQCLcBGAs\/s1600\/IMG-20190401-WA0003.jpg\" \/><\/a><\/div>\n<p><\/p>\n<div style=\"clear: both;text-align: center\"><a href=\"https:\/\/4.bp.blogspot.com\/-Lq8voWWck1M\/XKHXT-UoblI\/AAAAAAAADRc\/Kc3FiwSK2aUb7xyOF2z-ynViykkPf-LzgCLcBGAs\/s1600\/IMG-20190401-WA0004.jpg\" style=\"margin-left: 1em;margin-right: 1em\"><img loading=\"lazy\" decoding=\"async\" border=\"0\" data-original-height=\"586\" data-original-width=\"331\" height=\"320\" src=\"https:\/\/4.bp.blogspot.com\/-Lq8voWWck1M\/XKHXT-UoblI\/AAAAAAAADRc\/Kc3FiwSK2aUb7xyOF2z-ynViykkPf-LzgCLcBGAs\/s320\/IMG-20190401-WA0004.jpg\" width=\"180\" \/><\/a><\/div>\n<p><\/p>\n<div style=\"clear: both;text-align: center\"><a href=\"https:\/\/3.bp.blogspot.com\/-lVBmyowHUHs\/XKHXUu4NaoI\/AAAAAAAADRo\/3QBlwMxcVmINRzsDrzUTCkpXXzMYRz6uwCLcBGAs\/s1600\/IMG-20190401-WA0005.jpg\" style=\"margin-left: 1em;margin-right: 1em\"><img loading=\"lazy\" decoding=\"async\" border=\"0\" data-original-height=\"586\" data-original-width=\"782\" height=\"239\" src=\"https:\/\/3.bp.blogspot.com\/-lVBmyowHUHs\/XKHXUu4NaoI\/AAAAAAAADRo\/3QBlwMxcVmINRzsDrzUTCkpXXzMYRz6uwCLcBGAs\/s320\/IMG-20190401-WA0005.jpg\" width=\"320\" \/><\/a><\/div>\n<p><span style=\"font-family: Courier New, Courier, monospace\"><br \/><\/span><\/p>\n","protected":false},"excerpt":{"rendered":"<p>El pasado 29 de mazo nuestro alumno \u00c1lvaro Toscano Garc\u00eda recibi\u00f3 en el Ayuntamiento de Lepe una menci\u00f3n especial en el XVIII certamen de cuentos de la localidad gracias a su obra&nbsp; \u00abLa guerra&#46;&#46;&#46;<\/p>\n","protected":false},"author":11723,"featured_media":0,"comment_status":"open","ping_status":"open","sticky":false,"template":"","format":"standard","meta":{"ngg_post_thumbnail":0,"footnotes":""},"categories":[2351654],"tags":[],"aioseo_notices":[],"_links":{"self":[{"href":"https:\/\/blogsaverroes.juntadeandalucia.es\/ceipcesarbarrios\/wp-json\/wp\/v2\/posts\/2971"}],"collection":[{"href":"https:\/\/blogsaverroes.juntadeandalucia.es\/ceipcesarbarrios\/wp-json\/wp\/v2\/posts"}],"about":[{"href":"https:\/\/blogsaverroes.juntadeandalucia.es\/ceipcesarbarrios\/wp-json\/wp\/v2\/types\/post"}],"author":[{"embeddable":true,"href":"https:\/\/blogsaverroes.juntadeandalucia.es\/ceipcesarbarrios\/wp-json\/wp\/v2\/users\/11723"}],"replies":[{"embeddable":true,"href":"https:\/\/blogsaverroes.juntadeandalucia.es\/ceipcesarbarrios\/wp-json\/wp\/v2\/comments?post=2971"}],"version-history":[{"count":0,"href":"https:\/\/blogsaverroes.juntadeandalucia.es\/ceipcesarbarrios\/wp-json\/wp\/v2\/posts\/2971\/revisions"}],"wp:attachment":[{"href":"https:\/\/blogsaverroes.juntadeandalucia.es\/ceipcesarbarrios\/wp-json\/wp\/v2\/media?parent=2971"}],"wp:term":[{"taxonomy":"category","embeddable":true,"href":"https:\/\/blogsaverroes.juntadeandalucia.es\/ceipcesarbarrios\/wp-json\/wp\/v2\/categories?post=2971"},{"taxonomy":"post_tag","embeddable":true,"href":"https:\/\/blogsaverroes.juntadeandalucia.es\/ceipcesarbarrios\/wp-json\/wp\/v2\/tags?post=2971"}],"curies":[{"name":"wp","href":"https:\/\/api.w.org\/{rel}","templated":true}]}}