{"id":6106,"date":"2025-04-21T12:16:16","date_gmt":"2025-04-21T12:16:16","guid":{"rendered":"https:\/\/blogsaverroes.juntadeandalucia.es\/ceipcesarbarrios\/?p=6106"},"modified":"2025-04-21T12:16:16","modified_gmt":"2025-04-21T12:16:16","slug":"proyecto-africa","status":"publish","type":"post","link":"https:\/\/blogsaverroes.juntadeandalucia.es\/ceipcesarbarrios\/proyecto-africa\/","title":{"rendered":"PROYECTO \u00c1FRICA"},"content":{"rendered":"<p style=\"text-align: justify\">\u00a1Hola a todos\/as! \ud83c\udf0d\u2728<\/p>\n<p style=\"text-align: justify\">Hoy queremos compartir&nbsp; un momento muy especial en el colegio C\u00e9sar Barrios. Nuestros peque\u00f1os de educaci\u00f3n infantil han culminado su emocionante proyecto de investigaci\u00f3n sobre \u00c1frica, y lo celebramos con una salida llena de color y alegr\u00eda. \ud83c\udf89<\/p>\n<p style=\"text-align: justify\">Los ni\u00f1os\/as vinieron disfrazados con creativos trajes inspirados en la rica cultura africana, \u00a1y qu\u00e9 gran trabajo hicieron las familias en la elaboraci\u00f3n de los disfraces! \ud83d\udc4f\u2764\ufe0f Fue maravilloso ver a todos juntos en la plaza del barrio, donde disfrutamos de un vibrante baile que reflej\u00f3 la tem\u00e1tica del proyecto.<\/p>\n<p style=\"text-align: justify\">Agradecemos a todas las familias por su apoyo y por acompa\u00f1arnos en este pasacalles tan significativo.<\/p>\n<p style=\"text-align: justify\">\u00a1Sin duda, fue una experiencia inolvidable para nuestros peque\u00f1os exploradores! \ud83c\udf1f<\/p>\n<p style=\"text-align: justify\">#C\u00e9sarBarrios #Educaci\u00f3nInfantil #Proyecto\u00c1frica #FamiliasUnidas #AprendiendoJugando<\/p>\n<p>&nbsp;<\/p>\n<p><a href=\"https:\/\/blogsaverroes.juntadeandalucia.es\/ceipcesarbarrios\/files\/2025\/04\/PHOTO-2025-04-08-11-33-30-2.jpg\"><img loading=\"lazy\" decoding=\"async\" class=\"alignnone size-thumbnail wp-image-6108\" src=\"https:\/\/blogsaverroes.juntadeandalucia.es\/ceipcesarbarrios\/files\/2025\/04\/PHOTO-2025-04-08-11-33-30-2-150x150.jpg\" alt=\"\" width=\"150\" height=\"150\" srcset=\"https:\/\/blogsaverroes.juntadeandalucia.es\/ceipcesarbarrios\/files\/2025\/04\/PHOTO-2025-04-08-11-33-30-2-150x150.jpg 150w, https:\/\/blogsaverroes.juntadeandalucia.es\/ceipcesarbarrios\/files\/2025\/04\/PHOTO-2025-04-08-11-33-30-2-80x80.jpg 80w, https:\/\/blogsaverroes.juntadeandalucia.es\/ceipcesarbarrios\/files\/2025\/04\/PHOTO-2025-04-08-11-33-30-2-320x320.jpg 320w\" sizes=\"(max-width: 150px) 100vw, 150px\" \/><\/a> <a href=\"https:\/\/blogsaverroes.juntadeandalucia.es\/ceipcesarbarrios\/files\/2025\/04\/PHOTO-2025-04-08-11-33-30-1.jpg\"><img loading=\"lazy\" decoding=\"async\" class=\"alignnone size-thumbnail wp-image-6109\" src=\"https:\/\/blogsaverroes.juntadeandalucia.es\/ceipcesarbarrios\/files\/2025\/04\/PHOTO-2025-04-08-11-33-30-1-150x150.jpg\" alt=\"\" width=\"150\" height=\"150\" srcset=\"https:\/\/blogsaverroes.juntadeandalucia.es\/ceipcesarbarrios\/files\/2025\/04\/PHOTO-2025-04-08-11-33-30-1-150x150.jpg 150w, https:\/\/blogsaverroes.juntadeandalucia.es\/ceipcesarbarrios\/files\/2025\/04\/PHOTO-2025-04-08-11-33-30-1-80x80.jpg 80w, https:\/\/blogsaverroes.juntadeandalucia.es\/ceipcesarbarrios\/files\/2025\/04\/PHOTO-2025-04-08-11-33-30-1-320x320.jpg 320w\" sizes=\"(max-width: 150px) 100vw, 150px\" \/><\/a> <a href=\"https:\/\/blogsaverroes.juntadeandalucia.es\/ceipcesarbarrios\/files\/2025\/04\/PHOTO-2025-04-08-11-33-31-2.jpg\"><img loading=\"lazy\" decoding=\"async\" class=\"alignnone size-thumbnail wp-image-6110\" src=\"https:\/\/blogsaverroes.juntadeandalucia.es\/ceipcesarbarrios\/files\/2025\/04\/PHOTO-2025-04-08-11-33-31-2-150x150.jpg\" alt=\"\" width=\"150\" height=\"150\" srcset=\"https:\/\/blogsaverroes.juntadeandalucia.es\/ceipcesarbarrios\/files\/2025\/04\/PHOTO-2025-04-08-11-33-31-2-150x150.jpg 150w, https:\/\/blogsaverroes.juntadeandalucia.es\/ceipcesarbarrios\/files\/2025\/04\/PHOTO-2025-04-08-11-33-31-2-80x80.jpg 80w, https:\/\/blogsaverroes.juntadeandalucia.es\/ceipcesarbarrios\/files\/2025\/04\/PHOTO-2025-04-08-11-33-31-2-320x320.jpg 320w\" sizes=\"(max-width: 150px) 100vw, 150px\" \/><\/a> <a href=\"https:\/\/blogsaverroes.juntadeandalucia.es\/ceipcesarbarrios\/files\/2025\/04\/PHOTO-2025-04-08-11-33-31-3.jpg\"><img loading=\"lazy\" decoding=\"async\" class=\"alignnone size-thumbnail wp-image-6111\" src=\"https:\/\/blogsaverroes.juntadeandalucia.es\/ceipcesarbarrios\/files\/2025\/04\/PHOTO-2025-04-08-11-33-31-3-150x150.jpg\" alt=\"\" width=\"150\" height=\"150\" srcset=\"https:\/\/blogsaverroes.juntadeandalucia.es\/ceipcesarbarrios\/files\/2025\/04\/PHOTO-2025-04-08-11-33-31-3-150x150.jpg 150w, https:\/\/blogsaverroes.juntadeandalucia.es\/ceipcesarbarrios\/files\/2025\/04\/PHOTO-2025-04-08-11-33-31-3-80x80.jpg 80w, https:\/\/blogsaverroes.juntadeandalucia.es\/ceipcesarbarrios\/files\/2025\/04\/PHOTO-2025-04-08-11-33-31-3-320x320.jpg 320w\" sizes=\"(max-width: 150px) 100vw, 150px\" \/><\/a> <a href=\"https:\/\/blogsaverroes.juntadeandalucia.es\/ceipcesarbarrios\/files\/2025\/04\/PHOTO-2025-04-08-11-33-31.jpg\"><img loading=\"lazy\" decoding=\"async\" class=\"alignnone size-thumbnail wp-image-6112\" src=\"https:\/\/blogsaverroes.juntadeandalucia.es\/ceipcesarbarrios\/files\/2025\/04\/PHOTO-2025-04-08-11-33-31-150x150.jpg\" alt=\"\" width=\"150\" height=\"150\" srcset=\"https:\/\/blogsaverroes.juntadeandalucia.es\/ceipcesarbarrios\/files\/2025\/04\/PHOTO-2025-04-08-11-33-31-150x150.jpg 150w, https:\/\/blogsaverroes.juntadeandalucia.es\/ceipcesarbarrios\/files\/2025\/04\/PHOTO-2025-04-08-11-33-31-80x80.jpg 80w, https:\/\/blogsaverroes.juntadeandalucia.es\/ceipcesarbarrios\/files\/2025\/04\/PHOTO-2025-04-08-11-33-31-320x320.jpg 320w\" sizes=\"(max-width: 150px) 100vw, 150px\" \/><\/a> <a href=\"https:\/\/blogsaverroes.juntadeandalucia.es\/ceipcesarbarrios\/files\/2025\/04\/PHOTO-2025-04-08-11-33-32.jpg\"><img loading=\"lazy\" decoding=\"async\" class=\"alignnone size-thumbnail wp-image-6113\" src=\"https:\/\/blogsaverroes.juntadeandalucia.es\/ceipcesarbarrios\/files\/2025\/04\/PHOTO-2025-04-08-11-33-32-150x150.jpg\" alt=\"\" width=\"150\" height=\"150\" srcset=\"https:\/\/blogsaverroes.juntadeandalucia.es\/ceipcesarbarrios\/files\/2025\/04\/PHOTO-2025-04-08-11-33-32-150x150.jpg 150w, https:\/\/blogsaverroes.juntadeandalucia.es\/ceipcesarbarrios\/files\/2025\/04\/PHOTO-2025-04-08-11-33-32-80x80.jpg 80w, https:\/\/blogsaverroes.juntadeandalucia.es\/ceipcesarbarrios\/files\/2025\/04\/PHOTO-2025-04-08-11-33-32-320x320.jpg 320w\" sizes=\"(max-width: 150px) 100vw, 150px\" \/><\/a> <a href=\"https:\/\/blogsaverroes.juntadeandalucia.es\/ceipcesarbarrios\/files\/2025\/04\/PHOTO-2025-04-08-11-37-15.jpg\"><img loading=\"lazy\" decoding=\"async\" class=\"alignnone size-thumbnail wp-image-6114\" src=\"https:\/\/blogsaverroes.juntadeandalucia.es\/ceipcesarbarrios\/files\/2025\/04\/PHOTO-2025-04-08-11-37-15-150x150.jpg\" alt=\"\" width=\"150\" height=\"150\" srcset=\"https:\/\/blogsaverroes.juntadeandalucia.es\/ceipcesarbarrios\/files\/2025\/04\/PHOTO-2025-04-08-11-37-15-150x150.jpg 150w, https:\/\/blogsaverroes.juntadeandalucia.es\/ceipcesarbarrios\/files\/2025\/04\/PHOTO-2025-04-08-11-37-15-80x80.jpg 80w, https:\/\/blogsaverroes.juntadeandalucia.es\/ceipcesarbarrios\/files\/2025\/04\/PHOTO-2025-04-08-11-37-15-320x320.jpg 320w\" sizes=\"(max-width: 150px) 100vw, 150px\" \/><\/a><\/p>\n","protected":false},"excerpt":{"rendered":"<p>\u00a1Hola a todos\/as! \ud83c\udf0d\u2728 Hoy queremos compartir&nbsp; un momento muy especial en el colegio C\u00e9sar Barrios. Nuestros peque\u00f1os de educaci\u00f3n infantil han culminado su emocionante proyecto de investigaci\u00f3n sobre \u00c1frica, y lo celebramos con&#46;&#46;&#46;<\/p>\n","protected":false},"author":11723,"featured_media":6107,"comment_status":"open","ping_status":"open","sticky":false,"template":"","format":"standard","meta":{"ngg_post_thumbnail":0,"footnotes":""},"categories":[25498],"tags":[],"aioseo_notices":[],"_links":{"self":[{"href":"https:\/\/blogsaverroes.juntadeandalucia.es\/ceipcesarbarrios\/wp-json\/wp\/v2\/posts\/6106"}],"collection":[{"href":"https:\/\/blogsaverroes.juntadeandalucia.es\/ceipcesarbarrios\/wp-json\/wp\/v2\/posts"}],"about":[{"href":"https:\/\/blogsaverroes.juntadeandalucia.es\/ceipcesarbarrios\/wp-json\/wp\/v2\/types\/post"}],"author":[{"embeddable":true,"href":"https:\/\/blogsaverroes.juntadeandalucia.es\/ceipcesarbarrios\/wp-json\/wp\/v2\/users\/11723"}],"replies":[{"embeddable":true,"href":"https:\/\/blogsaverroes.juntadeandalucia.es\/ceipcesarbarrios\/wp-json\/wp\/v2\/comments?post=6106"}],"version-history":[{"count":1,"href":"https:\/\/blogsaverroes.juntadeandalucia.es\/ceipcesarbarrios\/wp-json\/wp\/v2\/posts\/6106\/revisions"}],"predecessor-version":[{"id":6115,"href":"https:\/\/blogsaverroes.juntadeandalucia.es\/ceipcesarbarrios\/wp-json\/wp\/v2\/posts\/6106\/revisions\/6115"}],"wp:featuredmedia":[{"embeddable":true,"href":"https:\/\/blogsaverroes.juntadeandalucia.es\/ceipcesarbarrios\/wp-json\/wp\/v2\/media\/6107"}],"wp:attachment":[{"href":"https:\/\/blogsaverroes.juntadeandalucia.es\/ceipcesarbarrios\/wp-json\/wp\/v2\/media?parent=6106"}],"wp:term":[{"taxonomy":"category","embeddable":true,"href":"https:\/\/blogsaverroes.juntadeandalucia.es\/ceipcesarbarrios\/wp-json\/wp\/v2\/categories?post=6106"},{"taxonomy":"post_tag","embeddable":true,"href":"https:\/\/blogsaverroes.juntadeandalucia.es\/ceipcesarbarrios\/wp-json\/wp\/v2\/tags?post=6106"}],"curies":[{"name":"wp","href":"https:\/\/api.w.org\/{rel}","templated":true}]}}