{"id":2294,"date":"2020-03-23T13:19:47","date_gmt":"2020-03-23T12:19:47","guid":{"rendered":"https:\/\/blogsaverroes.juntadeandalucia.es\/ceipciudaddebaza\/?p=2294"},"modified":"2020-03-23T13:19:47","modified_gmt":"2020-03-23T12:19:47","slug":"importante-admision","status":"publish","type":"post","link":"https:\/\/blogsaverroes.juntadeandalucia.es\/ceipciudaddebaza\/importante-admision\/","title":{"rendered":"IMPORTANTE ADMISI\u00d3N"},"content":{"rendered":"<p class=\"MsoNormal\">Estimadas familias, la semana pasada transmitimos a trav\u00e9s de los delegados y delegadas de los distintos grupos de nuestro centro una informaci\u00f3n relativa al PROCEDIMIENTO DE ADMISI\u00d3N PARA EL CURSO 2020\/ 2021 para su difusi\u00f3n, ya que est\u00e1bamos inmersos en ese proceso, cuando fue decretado el cierre de los centros educativos.<\/p>\n<p class=\"MsoNormal\">&nbsp;<\/p>\n<p class=\"MsoNormal\">En \u00e9l, se detallaba las distintas v\u00edas para llevar a cabo dicha admisi\u00f3n por medios telem\u00e1ticos. Queremos recordar que este proceso de admisi\u00f3n es EXCLUSIVAMENTE PARA EL ALUMNADO DE NUEVO INGRESO, PARA LOS ALUMNOS DE 3 A\u00d1OS, que se incorporan al sistema educativo por primera vez, Y PARA AQUELLOS QUE QUIERAN REALIZAR UN TRASLADO DE CENTRO DE OTROS CURSOS.<\/p>\n<p class=\"MsoNormal\">Por lo tanto, los alumnos que ya est\u00e1n escolarizados, no tienen que hacer NADA.<\/p>\n<p class=\"MsoNormal\">El periodo de matriculaci\u00f3n ser\u00e1 en junio y ya os avisaremos convenientemente.<\/p>\n<p class=\"MsoNormal\">Este aviso es porque estamos recibiendo solicitudes teletramitadas de alumnos de nuestro centro, a nuestro centro. Por favor tengan cuidado con eso.<\/p>\n<p class=\"MsoNormal\">Cualquier duda se pueden dirigir a los correos electr\u00f3nicos<\/p>\n<p class=\"MsoNormal\"><a href=\"mailto:18001020.edu@juntadeandalucia.es\" target=\"_blank\" rel=\"noopener noreferrer\">18001020.edu@juntadeandalucia.es<\/a><\/p>\n<p class=\"MsoNormal\"><a href=\"mailto:directoraciudaddebaza@gmail.com\" target=\"_blank\" rel=\"noopener noreferrer\">directoraciudaddebaza@gmail.com<\/a><\/p>\n<p>&nbsp;<\/p>\n<p>&nbsp;<\/p>\n","protected":false},"excerpt":{"rendered":"<p>Estimadas familias, la semana pasada transmitimos a trav\u00e9s de los delegados y delegadas de los distintos grupos de nuestro centro una informaci\u00f3n relativa al PROCEDIMIENTO DE ADMISI\u00d3N PARA EL CURSO 2020\/ 2021 para su&#46;&#46;&#46;<\/p>\n","protected":false},"author":6076,"featured_media":2286,"comment_status":"open","ping_status":"open","sticky":false,"template":"","format":"standard","meta":{"ngg_post_thumbnail":0,"footnotes":""},"categories":[1558638],"tags":[],"aioseo_notices":[],"_links":{"self":[{"href":"https:\/\/blogsaverroes.juntadeandalucia.es\/ceipciudaddebaza\/wp-json\/wp\/v2\/posts\/2294"}],"collection":[{"href":"https:\/\/blogsaverroes.juntadeandalucia.es\/ceipciudaddebaza\/wp-json\/wp\/v2\/posts"}],"about":[{"href":"https:\/\/blogsaverroes.juntadeandalucia.es\/ceipciudaddebaza\/wp-json\/wp\/v2\/types\/post"}],"author":[{"embeddable":true,"href":"https:\/\/blogsaverroes.juntadeandalucia.es\/ceipciudaddebaza\/wp-json\/wp\/v2\/users\/6076"}],"replies":[{"embeddable":true,"href":"https:\/\/blogsaverroes.juntadeandalucia.es\/ceipciudaddebaza\/wp-json\/wp\/v2\/comments?post=2294"}],"version-history":[{"count":1,"href":"https:\/\/blogsaverroes.juntadeandalucia.es\/ceipciudaddebaza\/wp-json\/wp\/v2\/posts\/2294\/revisions"}],"predecessor-version":[{"id":2295,"href":"https:\/\/blogsaverroes.juntadeandalucia.es\/ceipciudaddebaza\/wp-json\/wp\/v2\/posts\/2294\/revisions\/2295"}],"wp:featuredmedia":[{"embeddable":true,"href":"https:\/\/blogsaverroes.juntadeandalucia.es\/ceipciudaddebaza\/wp-json\/wp\/v2\/media\/2286"}],"wp:attachment":[{"href":"https:\/\/blogsaverroes.juntadeandalucia.es\/ceipciudaddebaza\/wp-json\/wp\/v2\/media?parent=2294"}],"wp:term":[{"taxonomy":"category","embeddable":true,"href":"https:\/\/blogsaverroes.juntadeandalucia.es\/ceipciudaddebaza\/wp-json\/wp\/v2\/categories?post=2294"},{"taxonomy":"post_tag","embeddable":true,"href":"https:\/\/blogsaverroes.juntadeandalucia.es\/ceipciudaddebaza\/wp-json\/wp\/v2\/tags?post=2294"}],"curies":[{"name":"wp","href":"https:\/\/api.w.org\/{rel}","templated":true}]}}