{"id":2400,"date":"2020-05-27T08:29:10","date_gmt":"2020-05-27T07:29:10","guid":{"rendered":"https:\/\/blogsaverroes.juntadeandalucia.es\/ceipciudaddebaza\/?p=2400"},"modified":"2020-05-27T08:29:10","modified_gmt":"2020-05-27T07:29:10","slug":"i-olimpiada-virtual-intercentros","status":"publish","type":"post","link":"https:\/\/blogsaverroes.juntadeandalucia.es\/ceipciudaddebaza\/i-olimpiada-virtual-intercentros\/","title":{"rendered":"I Olimpiada virtual intercentros"},"content":{"rendered":"<p>&nbsp;<\/p>\n<div id=\"attachment_2401\" style=\"width: 223px\" class=\"wp-caption alignright\"><img loading=\"lazy\" decoding=\"async\" aria-describedby=\"caption-attachment-2401\" class=\"wp-image-2401 size-medium\" src=\"https:\/\/blogsaverroes.juntadeandalucia.es\/ceipciudaddebaza\/files\/2020\/05\/Olimpiada-Virtual-213x300.png\" alt=\"\" width=\"213\" height=\"300\" srcset=\"https:\/\/blogsaverroes.juntadeandalucia.es\/ceipciudaddebaza\/files\/2020\/05\/Olimpiada-Virtual-213x300.png 213w, https:\/\/blogsaverroes.juntadeandalucia.es\/ceipciudaddebaza\/files\/2020\/05\/Olimpiada-Virtual-768x1084.png 768w, https:\/\/blogsaverroes.juntadeandalucia.es\/ceipciudaddebaza\/files\/2020\/05\/Olimpiada-Virtual-726x1024.png 726w, https:\/\/blogsaverroes.juntadeandalucia.es\/ceipciudaddebaza\/files\/2020\/05\/Olimpiada-Virtual-17x24.png 17w, https:\/\/blogsaverroes.juntadeandalucia.es\/ceipciudaddebaza\/files\/2020\/05\/Olimpiada-Virtual-26x36.png 26w, https:\/\/blogsaverroes.juntadeandalucia.es\/ceipciudaddebaza\/files\/2020\/05\/Olimpiada-Virtual-34x48.png 34w, https:\/\/blogsaverroes.juntadeandalucia.es\/ceipciudaddebaza\/files\/2020\/05\/Olimpiada-Virtual.png 1036w\" sizes=\"(max-width: 213px) 100vw, 213px\" \/><p id=\"caption-attachment-2401\" class=\"wp-caption-text\"><a href=\"https:\/\/view.genial.ly\/5ec39eb44a81770d9df569fb\/horizontal-infographic-review-i-olimpiada-virtual-intercentros\" target=\"_blank\" rel=\"noopener noreferrer\">I OLIMPIADA VIRTUAL INTERCENTROS<\/a><\/p><\/div>\n<p>La actual situaci\u00f3n ha supuesto que los espacios tradicionales de educaci\u00f3n f\u00edsica se hayan visto sustituidos por zonas de nuestras viviendas.<\/p>\n<p>Durante esta \u00e9poca nuestro alumnado no puede compartir espacio ni contacto con sus compa\u00f1eros\/as y amigos\/as, incluso les imposibilita crear nuevas relaciones sociales.<\/p>\n<p>Por otro lado, los seres humanos y los ni\u00f1os\/as en especial, necesitan compararse y medirse continuamente. Es por esto que v<\/p>\n<p>arios docentes de educaci\u00f3n f\u00edsica hemos creado la \u201cI Olimpiada Virtual\u201d para que todo el alumnado de educaci\u00f3n primaria y secundaria pueda competir y divertirse usando las mismas pruebas\/retos en iguales condiciones que el resto.<\/p>\n<p>La finalidad de este evento es que nuestro alumnado pueda acceder a una competici\u00f3n reglada, con car\u00e1cter l\u00fadico-competitivo, sin malentender la competici\u00f3n, ya que la finalidad es buscar la superaci\u00f3n de uno mismo para conseguir el mejor resultado.<\/p>\n<p><strong>NORMATIVA<\/strong><\/p>\n<ol>\n<li>El CPR Federico Garc\u00eda Lorca (Graena, Bejar\u00edn, Los Ba\u00f1os; Granada), CPR Zalab\u00ed (Alcudia de Guadix, Exfiliana, Charches; Granada) y CEIP Tierno Galv\u00e1n (Chiclana de la Frontera, C\u00e1diz) Organizan la \u201cI Olimpiada Virtual\u201d intercentros que tendr\u00e1 lugar des<br \/>\nde el 25 de mayo hasta el 15 de junio de 2020.<\/li>\n<li>Podr\u00e1n participar todos los alumnos y alumnas de educaci\u00f3n primaria y secundaria.<\/li>\n<li>La organizaci\u00f3n propondr\u00e1 cada semana 4 retos, que ser\u00e1n publicados el lunes de cada semana.<\/li>\n<li>Los retos se realizar\u00e1n individualmente por el alumnado y con tantos intentos como quieran realizar, qued\u00e1ndose como resultado final la mejor marca obtenida.<\/li>\n<li>Cada alumno\/a podr\u00e1 participar en cualquier de los 4 retos por semana que se propongan; de este modo el alumnado podr\u00e1 realizar 1, 2, 3 o 4 retos en funci\u00f3n de sus intereses.<\/li>\n<li>Los retos llevar\u00e1n asociada una escala de puntuaci\u00f3n para intentar conseguir los niveles de:<\/li>\n<\/ol>\n<p>&nbsp; &nbsp; &nbsp;Medalla de oro.<\/p>\n<p>&nbsp; &nbsp; &nbsp;Medalla de plata<\/p>\n<p>&nbsp; &nbsp; &nbsp;Medalla de bronce.<\/p>\n<p>&nbsp; &nbsp; &nbsp;Finalista<\/p>\n<ol start=\"7\">\n<li>Cada alumno\/a deber\u00e1 confirmar su participaci\u00f3n mediante la realizaci\u00f3n de un cuestionario <strong>Google.<\/strong> El alumnado dispondr\u00e1 de una semana para rellenar los datos. El enlace para poder acceder a este cuestionario ser\u00e1 entregado a los centros participantes a principio de la semana a trav\u00e9s del contacto facilitado por ellos. El enlace tambi\u00e9n se publicar\u00e1 en redes sociales junto con los v\u00eddeos e informaci\u00f3n relevante.<\/li>\n<li>El alumnado, con la ayuda de sus padres\/tutores, podr\u00e1 subir v\u00eddeos, de manera voluntaria, realizando los retos y compartirlos en redes sociales con la etiqueta @edfisicaysalud.<\/li>\n<li>El alumnado participante recibir\u00e1 un diploma por su actuaci\u00f3n en la \u201cI Olimpiada Virtual\u201d.\n<p>Aqu\u00ed ten\u00e9is el enlace para conocer toda la informaci\u00f3n de las pruebas a realizar.&nbsp; <a href=\"https:\/\/view.genial.ly\/5ec39eb44a81770d9df569fb\/horizontal-infographic-review-i-olimpiada-virtual-intercentros\" target=\"_blank\" rel=\"noopener noreferrer\">I OLIMPIADA VIRTUAL INTERCENTROS<\/a><\/li>\n<\/ol>\n","protected":false},"excerpt":{"rendered":"<p>&nbsp; La actual situaci\u00f3n ha supuesto que los espacios tradicionales de educaci\u00f3n f\u00edsica se hayan visto sustituidos por zonas de nuestras viviendas. Durante esta \u00e9poca nuestro alumnado no puede compartir espacio ni contacto con&#46;&#46;&#46;<\/p>\n","protected":false},"author":6076,"featured_media":2401,"comment_status":"open","ping_status":"open","sticky":false,"template":"","format":"standard","meta":{"ngg_post_thumbnail":0,"footnotes":""},"categories":[926,7055],"tags":[],"aioseo_notices":[],"_links":{"self":[{"href":"https:\/\/blogsaverroes.juntadeandalucia.es\/ceipciudaddebaza\/wp-json\/wp\/v2\/posts\/2400"}],"collection":[{"href":"https:\/\/blogsaverroes.juntadeandalucia.es\/ceipciudaddebaza\/wp-json\/wp\/v2\/posts"}],"about":[{"href":"https:\/\/blogsaverroes.juntadeandalucia.es\/ceipciudaddebaza\/wp-json\/wp\/v2\/types\/post"}],"author":[{"embeddable":true,"href":"https:\/\/blogsaverroes.juntadeandalucia.es\/ceipciudaddebaza\/wp-json\/wp\/v2\/users\/6076"}],"replies":[{"embeddable":true,"href":"https:\/\/blogsaverroes.juntadeandalucia.es\/ceipciudaddebaza\/wp-json\/wp\/v2\/comments?post=2400"}],"version-history":[{"count":1,"href":"https:\/\/blogsaverroes.juntadeandalucia.es\/ceipciudaddebaza\/wp-json\/wp\/v2\/posts\/2400\/revisions"}],"predecessor-version":[{"id":2402,"href":"https:\/\/blogsaverroes.juntadeandalucia.es\/ceipciudaddebaza\/wp-json\/wp\/v2\/posts\/2400\/revisions\/2402"}],"wp:featuredmedia":[{"embeddable":true,"href":"https:\/\/blogsaverroes.juntadeandalucia.es\/ceipciudaddebaza\/wp-json\/wp\/v2\/media\/2401"}],"wp:attachment":[{"href":"https:\/\/blogsaverroes.juntadeandalucia.es\/ceipciudaddebaza\/wp-json\/wp\/v2\/media?parent=2400"}],"wp:term":[{"taxonomy":"category","embeddable":true,"href":"https:\/\/blogsaverroes.juntadeandalucia.es\/ceipciudaddebaza\/wp-json\/wp\/v2\/categories?post=2400"},{"taxonomy":"post_tag","embeddable":true,"href":"https:\/\/blogsaverroes.juntadeandalucia.es\/ceipciudaddebaza\/wp-json\/wp\/v2\/tags?post=2400"}],"curies":[{"name":"wp","href":"https:\/\/api.w.org\/{rel}","templated":true}]}}