{"id":2543,"date":"2020-12-14T20:50:21","date_gmt":"2020-12-14T19:50:21","guid":{"rendered":"https:\/\/blogsaverroes.juntadeandalucia.es\/ceipciudaddebaza\/?p=2543"},"modified":"2020-12-18T21:18:03","modified_gmt":"2020-12-18T20:18:03","slug":"el-alcalde-responde-2","status":"publish","type":"post","link":"https:\/\/blogsaverroes.juntadeandalucia.es\/ceipciudaddebaza\/el-alcalde-responde-2\/","title":{"rendered":"El Alcalde responde"},"content":{"rendered":"<div dir=\"auto\">El pasado viernes, los alumnos del grupo de convivencia 6, de tercer curso de Primaria, &nbsp;esperaban con &nbsp;gran ilusi\u00f3n una visita muy especial.&nbsp;<\/div>\n<div dir=\"auto\">Con un poco de retraso, debido a nuestras dificultades t\u00e9cnicas, &nbsp;nuestro Alcalde PEDRO FERN\u00c1NDEZ PE\u00d1ALVER, acompa\u00f1ado de las Concejalas de Educaci\u00f3n y de Bienestar Social, Yolanda Fern\u00e1ndez y Mariana Palma y de Antonio Merlos desde Servicios Sociales, ha respondido amablemente a todas las preguntas que nuestros peque\u00f1os hab\u00edan preparado para conocerlo un poco mejor, tanto personalmente como todo lo relacionado con la Instituci\u00f3n que representa.&nbsp;<\/div>\n<div dir=\"auto\">Esta actividad, &nbsp;enmarcada dentro de la Celebraci\u00f3n del d\u00eda de los derechos del ni\u00f1o, no se ha podido celebrar como siempre, en el Sal\u00f3n de Actos, sino que ha sido en la Sala de Profesores del Centro el lugar en el que hemos recibido a nuestro Alcalde de forma telem\u00e1tica.&nbsp;<\/div>\n<div dir=\"auto\">Porque en esta \u00e9poca, es a trav\u00e9s de pantallas como nos debemos de relacionar y evitar al m\u00e1ximo los contactos interpersonales.&nbsp;<\/div>\n<div dir=\"auto\">Gracias a todos&nbsp;por vuestra visita virtual e insistimos el agradecimiento a la colaboraci\u00f3n constante del Ayuntamiento con nuestro CEIP Ciudad de Baza y gracias por recoger todas nuestras peticiones para el pr\u00f3ximo a\u00f1o.<\/div>\n<div dir=\"auto\">&nbsp;<\/div>\n","protected":false},"excerpt":{"rendered":"<p>El pasado viernes, los alumnos del grupo de convivencia 6, de tercer curso de Primaria, &nbsp;esperaban con &nbsp;gran ilusi\u00f3n una visita muy especial.&nbsp; Con un poco de retraso, debido a nuestras dificultades t\u00e9cnicas, &nbsp;nuestro&#46;&#46;&#46;<\/p>\n","protected":false},"author":6076,"featured_media":2545,"comment_status":"open","ping_status":"open","sticky":false,"template":"","format":"gallery","meta":{"ngg_post_thumbnail":0,"footnotes":""},"categories":[7055],"tags":[],"aioseo_notices":[],"_links":{"self":[{"href":"https:\/\/blogsaverroes.juntadeandalucia.es\/ceipciudaddebaza\/wp-json\/wp\/v2\/posts\/2543"}],"collection":[{"href":"https:\/\/blogsaverroes.juntadeandalucia.es\/ceipciudaddebaza\/wp-json\/wp\/v2\/posts"}],"about":[{"href":"https:\/\/blogsaverroes.juntadeandalucia.es\/ceipciudaddebaza\/wp-json\/wp\/v2\/types\/post"}],"author":[{"embeddable":true,"href":"https:\/\/blogsaverroes.juntadeandalucia.es\/ceipciudaddebaza\/wp-json\/wp\/v2\/users\/6076"}],"replies":[{"embeddable":true,"href":"https:\/\/blogsaverroes.juntadeandalucia.es\/ceipciudaddebaza\/wp-json\/wp\/v2\/comments?post=2543"}],"version-history":[{"count":1,"href":"https:\/\/blogsaverroes.juntadeandalucia.es\/ceipciudaddebaza\/wp-json\/wp\/v2\/posts\/2543\/revisions"}],"predecessor-version":[{"id":2550,"href":"https:\/\/blogsaverroes.juntadeandalucia.es\/ceipciudaddebaza\/wp-json\/wp\/v2\/posts\/2543\/revisions\/2550"}],"wp:featuredmedia":[{"embeddable":true,"href":"https:\/\/blogsaverroes.juntadeandalucia.es\/ceipciudaddebaza\/wp-json\/wp\/v2\/media\/2545"}],"wp:attachment":[{"href":"https:\/\/blogsaverroes.juntadeandalucia.es\/ceipciudaddebaza\/wp-json\/wp\/v2\/media?parent=2543"}],"wp:term":[{"taxonomy":"category","embeddable":true,"href":"https:\/\/blogsaverroes.juntadeandalucia.es\/ceipciudaddebaza\/wp-json\/wp\/v2\/categories?post=2543"},{"taxonomy":"post_tag","embeddable":true,"href":"https:\/\/blogsaverroes.juntadeandalucia.es\/ceipciudaddebaza\/wp-json\/wp\/v2\/tags?post=2543"}],"curies":[{"name":"wp","href":"https:\/\/api.w.org\/{rel}","templated":true}]}}