{"id":3130,"date":"2021-11-17T20:49:27","date_gmt":"2021-11-17T19:49:27","guid":{"rendered":"https:\/\/blogsaverroes.juntadeandalucia.es\/ceipciudaddebaza\/?p=3130"},"modified":"2021-11-17T20:52:34","modified_gmt":"2021-11-17T19:52:34","slug":"el-alcalde-responde-3","status":"publish","type":"post","link":"https:\/\/blogsaverroes.juntadeandalucia.es\/ceipciudaddebaza\/el-alcalde-responde-3\/","title":{"rendered":"El alcalde responde"},"content":{"rendered":"<div dir=\"auto\">El lunes 15 de noviembre nuestro centro tuvo una visita muy especial e importante, y por fin, de forma presencial.&nbsp;<\/div>\n<div dir=\"auto\">Nuestro Alcalde, D. Manuel Gavil\u00e1n, acompa\u00f1ado de D\u00aa. Yolanda Fern\u00e1ndez, Concejala de Educaci\u00f3n y de D. Rafael Mart\u00ednez, de Servicios Sociales, fueron recibidos con gran alegr\u00eda e ilusi\u00f3n por nuestros 55 alumnos de 3\u00b0 de primaria.&nbsp;<\/div>\n<div dir=\"auto\">Enmarcada en las actividades de la celebraci\u00f3n del D\u00eda Universal de los Derechos Humanos (20 de noviembre), la actividad \u00abEl alcalde responde\u00bb es una de nuestras actividades favoritas.<\/div>\n<div dir=\"auto\">Gracias a ella, nuestros ni\u00f1os y ni\u00f1as fueron escuchados, resolviendo todas sus dudas y tomando nota de sus sugerencias para conseguir que Baza, y nuestro cole, sean lugares mucho mejores y m\u00e1s seguros y divertidos.<\/div>\n<div dir=\"auto\">Hicieron que con su presencia y amabilidad la jornada escolar fuera fant\u00e1stica, al tiempo que se divirtieran trabajando <strong>la entrevista <\/strong>(actividad propuesta para la mejora de la <strong>Competencia en Comunicaci\u00f3n Ling\u00fc\u00edstica <\/strong>del alumnado).<\/div>\n<div dir=\"auto\">Agradecemos su paciencia y cercan\u00eda y esperamos el curso pr\u00f3ximo poder repetir la experiencia.<\/div>\n","protected":false},"excerpt":{"rendered":"<p>El lunes 15 de noviembre nuestro centro tuvo una visita muy especial e importante, y por fin, de forma presencial.&nbsp; Nuestro Alcalde, D. Manuel Gavil\u00e1n, acompa\u00f1ado de D\u00aa. Yolanda Fern\u00e1ndez, Concejala de Educaci\u00f3n y&#46;&#46;&#46;<\/p>\n","protected":false},"author":6076,"featured_media":3146,"comment_status":"open","ping_status":"open","sticky":false,"template":"","format":"gallery","meta":{"ngg_post_thumbnail":0,"footnotes":""},"categories":[1558644],"tags":[],"aioseo_notices":[],"_links":{"self":[{"href":"https:\/\/blogsaverroes.juntadeandalucia.es\/ceipciudaddebaza\/wp-json\/wp\/v2\/posts\/3130"}],"collection":[{"href":"https:\/\/blogsaverroes.juntadeandalucia.es\/ceipciudaddebaza\/wp-json\/wp\/v2\/posts"}],"about":[{"href":"https:\/\/blogsaverroes.juntadeandalucia.es\/ceipciudaddebaza\/wp-json\/wp\/v2\/types\/post"}],"author":[{"embeddable":true,"href":"https:\/\/blogsaverroes.juntadeandalucia.es\/ceipciudaddebaza\/wp-json\/wp\/v2\/users\/6076"}],"replies":[{"embeddable":true,"href":"https:\/\/blogsaverroes.juntadeandalucia.es\/ceipciudaddebaza\/wp-json\/wp\/v2\/comments?post=3130"}],"version-history":[{"count":4,"href":"https:\/\/blogsaverroes.juntadeandalucia.es\/ceipciudaddebaza\/wp-json\/wp\/v2\/posts\/3130\/revisions"}],"predecessor-version":[{"id":3152,"href":"https:\/\/blogsaverroes.juntadeandalucia.es\/ceipciudaddebaza\/wp-json\/wp\/v2\/posts\/3130\/revisions\/3152"}],"wp:featuredmedia":[{"embeddable":true,"href":"https:\/\/blogsaverroes.juntadeandalucia.es\/ceipciudaddebaza\/wp-json\/wp\/v2\/media\/3146"}],"wp:attachment":[{"href":"https:\/\/blogsaverroes.juntadeandalucia.es\/ceipciudaddebaza\/wp-json\/wp\/v2\/media?parent=3130"}],"wp:term":[{"taxonomy":"category","embeddable":true,"href":"https:\/\/blogsaverroes.juntadeandalucia.es\/ceipciudaddebaza\/wp-json\/wp\/v2\/categories?post=3130"},{"taxonomy":"post_tag","embeddable":true,"href":"https:\/\/blogsaverroes.juntadeandalucia.es\/ceipciudaddebaza\/wp-json\/wp\/v2\/tags?post=3130"}],"curies":[{"name":"wp","href":"https:\/\/api.w.org\/{rel}","templated":true}]}}