{"id":3593,"date":"2022-03-08T18:48:24","date_gmt":"2022-03-08T17:48:24","guid":{"rendered":"https:\/\/blogsaverroes.juntadeandalucia.es\/ceipciudaddebaza\/?p=3593"},"modified":"2022-03-08T18:48:24","modified_gmt":"2022-03-08T17:48:24","slug":"dia-de-la-mujer","status":"publish","type":"post","link":"https:\/\/blogsaverroes.juntadeandalucia.es\/ceipciudaddebaza\/dia-de-la-mujer\/","title":{"rendered":"D\u00eda de la Mujer"},"content":{"rendered":"<p>El alumnado de 5\u00ba B ha llevado a cabo una adaptaci\u00f3n al cuento cl\u00e1sico <strong>\u00abCaperucita Roja\u00bb&nbsp;<\/strong>para conmemorar el <strong>D\u00eda de la Mujer. <\/strong>En dicha representaci\u00f3n le han dado una visi\u00f3n moderna donde se puede ver a una mujer independiente y autosuficiente, m\u00e1s acorde con los tiempos en los que vivimos.<\/p>\n<p>Para concluir, felicitamos a todo este alumnado y a la profe Belinda por haberlo hecho posible. Enhorabuena por este gran trabajo.<\/p>\n<p>\u00a1\u00a1Esperamos que os guste!!<\/p>\n<div style=\"width: 640px;\" class=\"wp-video\"><!--[if lt IE 9]><script>document.createElement('video');<\/script><![endif]-->\n<video class=\"wp-video-shortcode\" id=\"video-3593-1\" width=\"640\" height=\"352\" preload=\"metadata\" controls=\"controls\"><source type=\"video\/mp4\" src=\"https:\/\/blogsaverroes.juntadeandalucia.es\/ceipciudaddebaza\/files\/2022\/03\/VID-DIA-DE-LA-MUJER.mp4?_=1\" \/><a href=\"https:\/\/blogsaverroes.juntadeandalucia.es\/ceipciudaddebaza\/files\/2022\/03\/VID-DIA-DE-LA-MUJER.mp4\">https:\/\/blogsaverroes.juntadeandalucia.es\/ceipciudaddebaza\/files\/2022\/03\/VID-DIA-DE-LA-MUJER.mp4<\/a><\/video><\/div>\n","protected":false},"excerpt":{"rendered":"<p>El alumnado de 5\u00ba B ha llevado a cabo una adaptaci\u00f3n al cuento cl\u00e1sico \u00abCaperucita Roja\u00bb&nbsp;para conmemorar el D\u00eda de la Mujer. En dicha representaci\u00f3n le han dado una visi\u00f3n moderna donde se puede&#46;&#46;&#46;<\/p>\n","protected":false},"author":6076,"featured_media":3597,"comment_status":"open","ping_status":"open","sticky":false,"template":"","format":"video","meta":{"ngg_post_thumbnail":0,"footnotes":""},"categories":[854,1558647],"tags":[],"aioseo_notices":[],"_links":{"self":[{"href":"https:\/\/blogsaverroes.juntadeandalucia.es\/ceipciudaddebaza\/wp-json\/wp\/v2\/posts\/3593"}],"collection":[{"href":"https:\/\/blogsaverroes.juntadeandalucia.es\/ceipciudaddebaza\/wp-json\/wp\/v2\/posts"}],"about":[{"href":"https:\/\/blogsaverroes.juntadeandalucia.es\/ceipciudaddebaza\/wp-json\/wp\/v2\/types\/post"}],"author":[{"embeddable":true,"href":"https:\/\/blogsaverroes.juntadeandalucia.es\/ceipciudaddebaza\/wp-json\/wp\/v2\/users\/6076"}],"replies":[{"embeddable":true,"href":"https:\/\/blogsaverroes.juntadeandalucia.es\/ceipciudaddebaza\/wp-json\/wp\/v2\/comments?post=3593"}],"version-history":[{"count":1,"href":"https:\/\/blogsaverroes.juntadeandalucia.es\/ceipciudaddebaza\/wp-json\/wp\/v2\/posts\/3593\/revisions"}],"predecessor-version":[{"id":3598,"href":"https:\/\/blogsaverroes.juntadeandalucia.es\/ceipciudaddebaza\/wp-json\/wp\/v2\/posts\/3593\/revisions\/3598"}],"wp:featuredmedia":[{"embeddable":true,"href":"https:\/\/blogsaverroes.juntadeandalucia.es\/ceipciudaddebaza\/wp-json\/wp\/v2\/media\/3597"}],"wp:attachment":[{"href":"https:\/\/blogsaverroes.juntadeandalucia.es\/ceipciudaddebaza\/wp-json\/wp\/v2\/media?parent=3593"}],"wp:term":[{"taxonomy":"category","embeddable":true,"href":"https:\/\/blogsaverroes.juntadeandalucia.es\/ceipciudaddebaza\/wp-json\/wp\/v2\/categories?post=3593"},{"taxonomy":"post_tag","embeddable":true,"href":"https:\/\/blogsaverroes.juntadeandalucia.es\/ceipciudaddebaza\/wp-json\/wp\/v2\/tags?post=3593"}],"curies":[{"name":"wp","href":"https:\/\/api.w.org\/{rel}","templated":true}]}}