{"id":4373,"date":"2022-06-07T16:26:36","date_gmt":"2022-06-07T15:26:36","guid":{"rendered":"https:\/\/blogsaverroes.juntadeandalucia.es\/ceipciudaddebaza\/?p=4373"},"modified":"2022-06-16T16:44:49","modified_gmt":"2022-06-16T15:44:49","slug":"desfile-de-paises","status":"publish","type":"post","link":"https:\/\/blogsaverroes.juntadeandalucia.es\/ceipciudaddebaza\/desfile-de-paises\/","title":{"rendered":"DESFILE DE PA\u00cdSES"},"content":{"rendered":"<div style=\"width: 640px;\" class=\"wp-video\"><!--[if lt IE 9]><script>document.createElement('video');<\/script><![endif]-->\n<video class=\"wp-video-shortcode\" id=\"video-4373-1\" width=\"640\" height=\"640\" preload=\"metadata\" controls=\"controls\"><source type=\"video\/mp4\" src=\"https:\/\/blogsaverroes.juntadeandalucia.es\/ceipciudaddebaza\/files\/2022\/06\/desfile-de-paises.mp4?_=1\" \/><a href=\"https:\/\/blogsaverroes.juntadeandalucia.es\/ceipciudaddebaza\/files\/2022\/06\/desfile-de-paises.mp4\">https:\/\/blogsaverroes.juntadeandalucia.es\/ceipciudaddebaza\/files\/2022\/06\/desfile-de-paises.mp4<\/a><\/video><\/div>\n<p>Con motivo de la celebraci\u00f3n del D\u00eda de Europa el 9 de mayo, incluimos una actividad para celebrar y hacer visible entre nuestro alumnado esta efem\u00e9ride, el desfile de pa\u00edses. Ha estado incluida en el programa de actividades de nuestra semana cultural europea. Desfilaron ni\u00f1os y ni\u00f1as de todos los grupos y etapas educativas.<\/p>\n<p>En peque\u00f1o grupo se represent\u00f3 a los cuatro pa\u00edses europeos con los que hemos colaborado este curso dentro de nuestro proyecto Erasmus+. Se abri\u00f3 el desfile con los m\u00e1s peque\u00f1os del cole representando a la Uni\u00f3n Europea y el himno que nos une a todos. Cada pa\u00eds, a su vez desfil\u00f3 con su correspondiente himno de fondo y los datos m\u00e1s destacados y de inter\u00e9s. Portugal, Grecia, Italia y B\u00e9lgica visitaron y recorrieron nuestro patio.<\/p>\n<p>Se concluy\u00f3 con la entrega de premios para los ganadores del concurso del logo y la mascota de nuestro centro y fueron nuestros queridos personajes belgas, los Pitufos los encargados de entregar el premio a cada ganador. Abraham Lozano Galera de 2\u00baB, ganador de la categor\u00eda mascota y Marta Luque Rodr\u00edguez de 5\u00baB, ganadora de la categor\u00eda logo. Muchas gracias a todos por el entusiasmo y la participaci\u00f3n, todos disfrutamos mucho de este desfile.<\/p>\n<p>Congratulations to everyone!<\/p>\n","protected":false},"excerpt":{"rendered":"<p>Con motivo de la celebraci\u00f3n del D\u00eda de Europa el 9 de mayo, incluimos una actividad para celebrar y hacer visible entre nuestro alumnado esta efem\u00e9ride, el desfile de pa\u00edses. Ha estado incluida en&#46;&#46;&#46;<\/p>\n","protected":false},"author":6076,"featured_media":4375,"comment_status":"open","ping_status":"open","sticky":false,"template":"","format":"video","meta":{"ngg_post_thumbnail":0,"footnotes":""},"categories":[1558654],"tags":[],"aioseo_notices":[],"_links":{"self":[{"href":"https:\/\/blogsaverroes.juntadeandalucia.es\/ceipciudaddebaza\/wp-json\/wp\/v2\/posts\/4373"}],"collection":[{"href":"https:\/\/blogsaverroes.juntadeandalucia.es\/ceipciudaddebaza\/wp-json\/wp\/v2\/posts"}],"about":[{"href":"https:\/\/blogsaverroes.juntadeandalucia.es\/ceipciudaddebaza\/wp-json\/wp\/v2\/types\/post"}],"author":[{"embeddable":true,"href":"https:\/\/blogsaverroes.juntadeandalucia.es\/ceipciudaddebaza\/wp-json\/wp\/v2\/users\/6076"}],"replies":[{"embeddable":true,"href":"https:\/\/blogsaverroes.juntadeandalucia.es\/ceipciudaddebaza\/wp-json\/wp\/v2\/comments?post=4373"}],"version-history":[{"count":3,"href":"https:\/\/blogsaverroes.juntadeandalucia.es\/ceipciudaddebaza\/wp-json\/wp\/v2\/posts\/4373\/revisions"}],"predecessor-version":[{"id":4378,"href":"https:\/\/blogsaverroes.juntadeandalucia.es\/ceipciudaddebaza\/wp-json\/wp\/v2\/posts\/4373\/revisions\/4378"}],"wp:featuredmedia":[{"embeddable":true,"href":"https:\/\/blogsaverroes.juntadeandalucia.es\/ceipciudaddebaza\/wp-json\/wp\/v2\/media\/4375"}],"wp:attachment":[{"href":"https:\/\/blogsaverroes.juntadeandalucia.es\/ceipciudaddebaza\/wp-json\/wp\/v2\/media?parent=4373"}],"wp:term":[{"taxonomy":"category","embeddable":true,"href":"https:\/\/blogsaverroes.juntadeandalucia.es\/ceipciudaddebaza\/wp-json\/wp\/v2\/categories?post=4373"},{"taxonomy":"post_tag","embeddable":true,"href":"https:\/\/blogsaverroes.juntadeandalucia.es\/ceipciudaddebaza\/wp-json\/wp\/v2\/tags?post=4373"}],"curies":[{"name":"wp","href":"https:\/\/api.w.org\/{rel}","templated":true}]}}