{"id":4925,"date":"2022-11-29T17:37:41","date_gmt":"2022-11-29T16:37:41","guid":{"rendered":"https:\/\/blogsaverroes.juntadeandalucia.es\/ceipciudaddebaza\/?p=4925"},"modified":"2022-11-29T17:42:06","modified_gmt":"2022-11-29T16:42:06","slug":"el-alcalde-responde-4","status":"publish","type":"post","link":"https:\/\/blogsaverroes.juntadeandalucia.es\/ceipciudaddebaza\/el-alcalde-responde-4\/","title":{"rendered":"El alcalde responde"},"content":{"rendered":"<p>El programa de participaci\u00f3n infantil <strong>\u00abEl alcalde responde\u00bb<\/strong>, puesto en marcha un a\u00f1o m\u00e1s por el Excmo. Ayuntamiento de Baza con motivo de la conmemoraci\u00f3n el 20 de noviembre del D\u00eda Mundial de los Derechos de l@s Ni\u00f1@s, se ha cerrado hoy en el CEIP Ciudad de Baza, donde escolares de 3\u00ba de primaria han tenido la ocasi\u00f3n de hacer consultas, sugerencias y peticiones al alcalde, Manuel Gavil\u00e1n, y a la concejala de Educaci\u00f3n, Yolanda Fern\u00e1ndez.<\/p>\n<p>De este encuentro, los mun\u00edcipes se llevan anotadas diversas peticiones para llevar a cabo actuaciones como:<\/p>\n<ul>\n<li>Reparaci\u00f3n del patio trasero del colegio.<\/li>\n<li>Instalaci\u00f3n de un aparcamiento para patinetes y bicicletas en el colegio.<\/li>\n<li>Apoyo del ayuntamiento para el nuevo proyecto de Huerto Escolar.<\/li>\n<\/ul>\n<p>Adem\u00e1s de cuestiones personales y preguntas acerca de su labor como alcalde, han surgido otros temas como el tren, la actividad comercial, el empleo o el motivo por el que est\u00e1n tan altos los precios.<\/p>\n<p>Ha habido incluso quien se ha interesado por c\u00f3mo es el presidente del gobierno en el trato personal, tras haber visitado Baza recientemente, lo que demuestra que el alumnado est\u00e1 al d\u00eda de la actualidad bastetana.<\/p>\n","protected":false},"excerpt":{"rendered":"<p>El programa de participaci\u00f3n infantil \u00abEl alcalde responde\u00bb, puesto en marcha un a\u00f1o m\u00e1s por el Excmo. Ayuntamiento de Baza con motivo de la conmemoraci\u00f3n el 20 de noviembre del D\u00eda Mundial de los&#46;&#46;&#46;<\/p>\n","protected":false},"author":6076,"featured_media":4926,"comment_status":"open","ping_status":"open","sticky":false,"template":"","format":"gallery","meta":{"ngg_post_thumbnail":0,"footnotes":""},"categories":[1558644,2152],"tags":[],"aioseo_notices":[],"_links":{"self":[{"href":"https:\/\/blogsaverroes.juntadeandalucia.es\/ceipciudaddebaza\/wp-json\/wp\/v2\/posts\/4925"}],"collection":[{"href":"https:\/\/blogsaverroes.juntadeandalucia.es\/ceipciudaddebaza\/wp-json\/wp\/v2\/posts"}],"about":[{"href":"https:\/\/blogsaverroes.juntadeandalucia.es\/ceipciudaddebaza\/wp-json\/wp\/v2\/types\/post"}],"author":[{"embeddable":true,"href":"https:\/\/blogsaverroes.juntadeandalucia.es\/ceipciudaddebaza\/wp-json\/wp\/v2\/users\/6076"}],"replies":[{"embeddable":true,"href":"https:\/\/blogsaverroes.juntadeandalucia.es\/ceipciudaddebaza\/wp-json\/wp\/v2\/comments?post=4925"}],"version-history":[{"count":4,"href":"https:\/\/blogsaverroes.juntadeandalucia.es\/ceipciudaddebaza\/wp-json\/wp\/v2\/posts\/4925\/revisions"}],"predecessor-version":[{"id":4944,"href":"https:\/\/blogsaverroes.juntadeandalucia.es\/ceipciudaddebaza\/wp-json\/wp\/v2\/posts\/4925\/revisions\/4944"}],"wp:featuredmedia":[{"embeddable":true,"href":"https:\/\/blogsaverroes.juntadeandalucia.es\/ceipciudaddebaza\/wp-json\/wp\/v2\/media\/4926"}],"wp:attachment":[{"href":"https:\/\/blogsaverroes.juntadeandalucia.es\/ceipciudaddebaza\/wp-json\/wp\/v2\/media?parent=4925"}],"wp:term":[{"taxonomy":"category","embeddable":true,"href":"https:\/\/blogsaverroes.juntadeandalucia.es\/ceipciudaddebaza\/wp-json\/wp\/v2\/categories?post=4925"},{"taxonomy":"post_tag","embeddable":true,"href":"https:\/\/blogsaverroes.juntadeandalucia.es\/ceipciudaddebaza\/wp-json\/wp\/v2\/tags?post=4925"}],"curies":[{"name":"wp","href":"https:\/\/api.w.org\/{rel}","templated":true}]}}