{"id":5378,"date":"2018-01-21T14:19:16","date_gmt":"2018-01-21T12:19:16","guid":{"rendered":"http:\/\/blogsaverroes.juntadeandalucia.es\/ceipciudaddejerez\/?p=5378"},"modified":"2018-01-22T10:33:42","modified_gmt":"2018-01-22T08:33:42","slug":"5-alumnas-de-nuestro-centro-campeonas-de-andalucia-de-baile-urbano","status":"publish","type":"post","link":"https:\/\/blogsaverroes.juntadeandalucia.es\/ceipciudaddejerez\/2018\/01\/21\/5-alumnas-de-nuestro-centro-campeonas-de-andalucia-de-baile-urbano\/","title":{"rendered":"6 ALUMNAS DE NUESTRO CENTRO CAMPEONAS DE ANDALUC\u00cdA DE BAILE URBANO"},"content":{"rendered":"<p>6 Alumnas de nuestro centro, Virginia Aguilar, Lidia Aguilar, Daniela Dom\u00ednguez, Daniela Garrido, Candela Azores y Lola Morales pertenecientes a la Academia de Baile de las Hermanas S\u00e1nchez, se proclamaron el pasado mes de diciembre Campeonas de Andaluc\u00eda en la categor\u00eda baby de baile urbano.<\/p>\n<p>Nos alegramos por ellas.<\/p>\n<p>Felicidades<\/p>\n<p><img loading=\"lazy\" decoding=\"async\" class=\"alignnone size-medium wp-image-5377\" src=\"https:\/\/blogsaverroes.juntadeandalucia.es\/ceipciudaddejerez\/files\/2018\/01\/IMG-20180117-WA0055-1-300x225.jpg\" alt=\"\" width=\"300\" height=\"225\" srcset=\"https:\/\/blogsaverroes.juntadeandalucia.es\/ceipciudaddejerez\/files\/2018\/01\/IMG-20180117-WA0055-1-300x225.jpg 300w, https:\/\/blogsaverroes.juntadeandalucia.es\/ceipciudaddejerez\/files\/2018\/01\/IMG-20180117-WA0055-1-768x576.jpg 768w, https:\/\/blogsaverroes.juntadeandalucia.es\/ceipciudaddejerez\/files\/2018\/01\/IMG-20180117-WA0055-1-1024x768.jpg 1024w, https:\/\/blogsaverroes.juntadeandalucia.es\/ceipciudaddejerez\/files\/2018\/01\/IMG-20180117-WA0055-1-24x18.jpg 24w, https:\/\/blogsaverroes.juntadeandalucia.es\/ceipciudaddejerez\/files\/2018\/01\/IMG-20180117-WA0055-1-36x27.jpg 36w, https:\/\/blogsaverroes.juntadeandalucia.es\/ceipciudaddejerez\/files\/2018\/01\/IMG-20180117-WA0055-1-48x36.jpg 48w, https:\/\/blogsaverroes.juntadeandalucia.es\/ceipciudaddejerez\/files\/2018\/01\/IMG-20180117-WA0055-1.jpg 1600w\" sizes=\"(max-width: 300px) 100vw, 300px\" \/><\/p>\n","protected":false},"excerpt":{"rendered":"<p>6 Alumnas de nuestro centro, Virginia Aguilar, Lidia Aguilar, Daniela Dom\u00ednguez, Daniela Garrido, Candela Azores y Lola Morales pertenecientes a la Academia de Baile de las Hermanas S\u00e1nchez, se proclamaron el pasado mes de&#46;&#46;&#46;<\/p>\n","protected":false},"author":2359,"featured_media":5377,"comment_status":"open","ping_status":"open","sticky":false,"template":"","format":"standard","meta":{"ngg_post_thumbnail":0,"footnotes":""},"categories":[205265,11909],"tags":[],"aioseo_notices":[],"_links":{"self":[{"href":"https:\/\/blogsaverroes.juntadeandalucia.es\/ceipciudaddejerez\/wp-json\/wp\/v2\/posts\/5378"}],"collection":[{"href":"https:\/\/blogsaverroes.juntadeandalucia.es\/ceipciudaddejerez\/wp-json\/wp\/v2\/posts"}],"about":[{"href":"https:\/\/blogsaverroes.juntadeandalucia.es\/ceipciudaddejerez\/wp-json\/wp\/v2\/types\/post"}],"author":[{"embeddable":true,"href":"https:\/\/blogsaverroes.juntadeandalucia.es\/ceipciudaddejerez\/wp-json\/wp\/v2\/users\/2359"}],"replies":[{"embeddable":true,"href":"https:\/\/blogsaverroes.juntadeandalucia.es\/ceipciudaddejerez\/wp-json\/wp\/v2\/comments?post=5378"}],"version-history":[{"count":3,"href":"https:\/\/blogsaverroes.juntadeandalucia.es\/ceipciudaddejerez\/wp-json\/wp\/v2\/posts\/5378\/revisions"}],"predecessor-version":[{"id":5381,"href":"https:\/\/blogsaverroes.juntadeandalucia.es\/ceipciudaddejerez\/wp-json\/wp\/v2\/posts\/5378\/revisions\/5381"}],"wp:featuredmedia":[{"embeddable":true,"href":"https:\/\/blogsaverroes.juntadeandalucia.es\/ceipciudaddejerez\/wp-json\/wp\/v2\/media\/5377"}],"wp:attachment":[{"href":"https:\/\/blogsaverroes.juntadeandalucia.es\/ceipciudaddejerez\/wp-json\/wp\/v2\/media?parent=5378"}],"wp:term":[{"taxonomy":"category","embeddable":true,"href":"https:\/\/blogsaverroes.juntadeandalucia.es\/ceipciudaddejerez\/wp-json\/wp\/v2\/categories?post=5378"},{"taxonomy":"post_tag","embeddable":true,"href":"https:\/\/blogsaverroes.juntadeandalucia.es\/ceipciudaddejerez\/wp-json\/wp\/v2\/tags?post=5378"}],"curies":[{"name":"wp","href":"https:\/\/api.w.org\/{rel}","templated":true}]}}