{"id":3954,"date":"2023-04-19T05:20:25","date_gmt":"2023-04-19T05:20:25","guid":{"rendered":"https:\/\/blogsaverroes.juntadeandalucia.es\/ceipcolon\/?p=3954"},"modified":"2023-04-19T05:21:37","modified_gmt":"2023-04-19T05:21:37","slug":"i-semana-cultural","status":"publish","type":"post","link":"https:\/\/blogsaverroes.juntadeandalucia.es\/ceipcolon\/i-semana-cultural\/","title":{"rendered":"I Semana Cultural"},"content":{"rendered":"\t\t<div data-elementor-type=\"wp-post\" data-elementor-id=\"3954\" class=\"elementor elementor-3954\">\n\t\t\t\t\t\t<section class=\"elementor-section elementor-top-section elementor-element elementor-element-56bd0fc elementor-section-boxed elementor-section-height-default elementor-section-height-default\" data-id=\"56bd0fc\" data-element_type=\"section\">\n\t\t\t\t\t\t<div class=\"elementor-container elementor-column-gap-default\">\n\t\t\t\t\t<div class=\"elementor-column elementor-col-100 elementor-top-column elementor-element elementor-element-3c9f957\" data-id=\"3c9f957\" data-element_type=\"column\">\n\t\t\t<div class=\"elementor-widget-wrap elementor-element-populated\">\n\t\t\t\t\t\t<div class=\"elementor-element elementor-element-5f45206 elementor-widget elementor-widget-text-editor\" data-id=\"5f45206\" data-element_type=\"widget\" data-widget_type=\"text-editor.default\">\n\t\t\t\t<div class=\"elementor-widget-container\">\n\t\t\t\t\t\t\t\t\t<p>En conmemoraci\u00f3n del d\u00eda del libro, durante la semana del 24 al 28 de Abril se celebrar\u00e1 la I Semana Cultural del CEIP Col\u00f3n. A continuaci\u00f3n, pueden consultar el horario as\u00ed como las actividades que se llevar\u00e1n a cabo.<\/p>\t\t\t\t\t\t\t\t<\/div>\n\t\t\t\t<\/div>\n\t\t\t\t<div class=\"elementor-element elementor-element-7d32123 elementor-widget elementor-widget-image\" data-id=\"7d32123\" data-element_type=\"widget\" data-widget_type=\"image.default\">\n\t\t\t\t<div class=\"elementor-widget-container\">\n\t\t\t\t\t\t\t\t\t\t\t\t\t\t\t<img fetchpriority=\"high\" decoding=\"async\" width=\"843\" height=\"597\" src=\"https:\/\/blogsaverroes.juntadeandalucia.es\/ceipcolon\/files\/2023\/04\/PLANNER-FAMILIAS-I-SEMANA-CULTURAL-CEIP-COL\u00d3N-1-1-1024x725.png\" class=\"attachment-large size-large wp-image-3929\" alt=\"\" srcset=\"https:\/\/blogsaverroes.juntadeandalucia.es\/ceipcolon\/files\/2023\/04\/PLANNER-FAMILIAS-I-SEMANA-CULTURAL-CEIP-COL\u00d3N-1-1-1024x725.png 1024w, https:\/\/blogsaverroes.juntadeandalucia.es\/ceipcolon\/files\/2023\/04\/PLANNER-FAMILIAS-I-SEMANA-CULTURAL-CEIP-COL\u00d3N-1-1-300x212.png 300w, https:\/\/blogsaverroes.juntadeandalucia.es\/ceipcolon\/files\/2023\/04\/PLANNER-FAMILIAS-I-SEMANA-CULTURAL-CEIP-COL\u00d3N-1-1-768x543.png 768w, https:\/\/blogsaverroes.juntadeandalucia.es\/ceipcolon\/files\/2023\/04\/PLANNER-FAMILIAS-I-SEMANA-CULTURAL-CEIP-COL\u00d3N-1-1-1536x1087.png 1536w, https:\/\/blogsaverroes.juntadeandalucia.es\/ceipcolon\/files\/2023\/04\/PLANNER-FAMILIAS-I-SEMANA-CULTURAL-CEIP-COL\u00d3N-1-1-2048x1449.png 2048w\" sizes=\"(max-width: 843px) 100vw, 843px\" \/>\t\t\t\t\t\t\t\t\t\t\t\t\t\t\t<\/div>\n\t\t\t\t<\/div>\n\t\t\t\t<div class=\"elementor-element elementor-element-4cd2e4d elementor-widget elementor-widget-image\" data-id=\"4cd2e4d\" data-element_type=\"widget\" data-widget_type=\"image.default\">\n\t\t\t\t<div class=\"elementor-widget-container\">\n\t\t\t\t\t\t\t\t\t\t\t\t\t\t\t<img decoding=\"async\" width=\"843\" height=\"597\" src=\"https:\/\/blogsaverroes.juntadeandalucia.es\/ceipcolon\/files\/2023\/04\/PLANNER-FAMILIAS-I-SEMANA-CULTURAL-CEIP-COL\u00d3N-1-2-1024x725.png\" class=\"attachment-large size-large wp-image-3930\" alt=\"\" srcset=\"https:\/\/blogsaverroes.juntadeandalucia.es\/ceipcolon\/files\/2023\/04\/PLANNER-FAMILIAS-I-SEMANA-CULTURAL-CEIP-COL\u00d3N-1-2-1024x725.png 1024w, https:\/\/blogsaverroes.juntadeandalucia.es\/ceipcolon\/files\/2023\/04\/PLANNER-FAMILIAS-I-SEMANA-CULTURAL-CEIP-COL\u00d3N-1-2-300x212.png 300w, https:\/\/blogsaverroes.juntadeandalucia.es\/ceipcolon\/files\/2023\/04\/PLANNER-FAMILIAS-I-SEMANA-CULTURAL-CEIP-COL\u00d3N-1-2-768x543.png 768w, https:\/\/blogsaverroes.juntadeandalucia.es\/ceipcolon\/files\/2023\/04\/PLANNER-FAMILIAS-I-SEMANA-CULTURAL-CEIP-COL\u00d3N-1-2-1536x1087.png 1536w, https:\/\/blogsaverroes.juntadeandalucia.es\/ceipcolon\/files\/2023\/04\/PLANNER-FAMILIAS-I-SEMANA-CULTURAL-CEIP-COL\u00d3N-1-2-2048x1449.png 2048w\" sizes=\"(max-width: 843px) 100vw, 843px\" \/>\t\t\t\t\t\t\t\t\t\t\t\t\t\t\t<\/div>\n\t\t\t\t<\/div>\n\t\t\t\t\t<\/div>\n\t\t<\/div>\n\t\t\t\t\t<\/div>\n\t\t<\/section>\n\t\t\t\t<\/div>\n\t\t","protected":false},"excerpt":{"rendered":"<p>En conmemoraci\u00f3n del d\u00eda del libro, durante la semana del 24 al 28 de Abril se celebrar\u00e1 la I Semana Cultural del CEIP Col\u00f3n. A&hellip;<\/p>\n","protected":false},"author":11312,"featured_media":3939,"comment_status":"closed","ping_status":"open","sticky":false,"template":"","format":"standard","meta":{"ngg_post_thumbnail":0,"footnotes":""},"categories":[50],"tags":[],"aioseo_notices":[],"_links":{"self":[{"href":"https:\/\/blogsaverroes.juntadeandalucia.es\/ceipcolon\/wp-json\/wp\/v2\/posts\/3954"}],"collection":[{"href":"https:\/\/blogsaverroes.juntadeandalucia.es\/ceipcolon\/wp-json\/wp\/v2\/posts"}],"about":[{"href":"https:\/\/blogsaverroes.juntadeandalucia.es\/ceipcolon\/wp-json\/wp\/v2\/types\/post"}],"author":[{"embeddable":true,"href":"https:\/\/blogsaverroes.juntadeandalucia.es\/ceipcolon\/wp-json\/wp\/v2\/users\/11312"}],"replies":[{"embeddable":true,"href":"https:\/\/blogsaverroes.juntadeandalucia.es\/ceipcolon\/wp-json\/wp\/v2\/comments?post=3954"}],"version-history":[{"count":4,"href":"https:\/\/blogsaverroes.juntadeandalucia.es\/ceipcolon\/wp-json\/wp\/v2\/posts\/3954\/revisions"}],"predecessor-version":[{"id":3958,"href":"https:\/\/blogsaverroes.juntadeandalucia.es\/ceipcolon\/wp-json\/wp\/v2\/posts\/3954\/revisions\/3958"}],"wp:featuredmedia":[{"embeddable":true,"href":"https:\/\/blogsaverroes.juntadeandalucia.es\/ceipcolon\/wp-json\/wp\/v2\/media\/3939"}],"wp:attachment":[{"href":"https:\/\/blogsaverroes.juntadeandalucia.es\/ceipcolon\/wp-json\/wp\/v2\/media?parent=3954"}],"wp:term":[{"taxonomy":"category","embeddable":true,"href":"https:\/\/blogsaverroes.juntadeandalucia.es\/ceipcolon\/wp-json\/wp\/v2\/categories?post=3954"},{"taxonomy":"post_tag","embeddable":true,"href":"https:\/\/blogsaverroes.juntadeandalucia.es\/ceipcolon\/wp-json\/wp\/v2\/tags?post=3954"}],"curies":[{"name":"wp","href":"https:\/\/api.w.org\/{rel}","templated":true}]}}