{"id":1747,"date":"2022-05-31T08:28:24","date_gmt":"2022-05-31T08:28:24","guid":{"rendered":"https:\/\/blogsaverroes.juntadeandalucia.es\/ceipconcepcionestevarena\/?p=1747"},"modified":"2022-09-06T16:20:41","modified_gmt":"2022-09-06T16:20:41","slug":"matriculacion2223","status":"publish","type":"post","link":"https:\/\/blogsaverroes.juntadeandalucia.es\/ceipconcepcionestevarena\/matriculacion2223\/","title":{"rendered":"Matriculaci\u00f3n y solicitud de servicios Aula Matinal\/Comedor Escolar. 2022-2023"},"content":{"rendered":"<h4><span style=\"color: #008000\"><strong>Plazo: <span style=\"text-decoration: underline\">Del 1 al 8 de junio de 2022,&nbsp;<\/span><\/strong><\/span><\/h4>\n<h4><span style=\"color: #008000\"><strong>Solicitud Servicios Complementarios (Aula Matinal\/Comedor Escolar): <span style=\"text-decoration: underline\">Del 1 al 10 de junio de 2022<\/span> (9 y 10 de junio, solo presencial)<\/strong><\/span><\/h4>\n<p><strong>Ambos tr\u00e1mites se realizar\u00e1n, en el mismo acto<\/strong>, a trav\u00e9s de la <a href=\"https:\/\/www.juntadeandalucia.es\/educacion\/secretariavirtual\/\" target=\"_blank\" rel=\"noopener noreferrer\">Secretar\u00eda Virtual de los centros educativos<\/a> de forma preferente, <span style=\"text-decoration: underline\">durante los plazos oficiales e improrrogables indicados<\/span>:<\/p>\n<ul>\n<li><a href=\"https:\/\/www.juntadeandalucia.es\/educacion\/secretariavirtual\/accesoTramite\/365\/\" target=\"_blank\" rel=\"noopener noreferrer\">Acceso al Sobre electr\u00f3nico de matr\u00edcula de Segundo Ciclo de Educaci\u00f3n Infantil y Primaria<\/a><\/li>\n<li><a href=\"https:\/\/www.juntadeandalucia.es\/educacion\/secretariavirtual\/accesoTramite\/484\/\" target=\"_blank\" rel=\"noopener noreferrer\">Acceso al Sobre electr\u00f3nico de Solicitud de matr\u00edcula Educaci\u00f3n Especial<\/a><\/li>\n<\/ul>\n<p align=\"center\"><em>Acceso mediante: DNI-e, Certificado Digital-FNMT, Cl@ve o Autenticaci\u00f3n con clave <strong>iANDE<\/strong> (consulte c\u00f3digo iAnde \u00fanico para cada alumno, en PASEN&nbsp; -web\/app iPasen- primer mensaje del apartado \u201cComunicaciones\u201d)<\/em><\/p>\n<p><iframe loading=\"lazy\" title=\"Sobre Electr\u00f3nico de Matr\u00edcula 2022 \ud83d\udce7 \ud83d\udce7\" width=\"500\" height=\"281\" src=\"https:\/\/www.youtube.com\/embed\/VCcL3E5x7lk?feature=oembed&#038;wmode=opaque\" frameborder=\"0\" allow=\"accelerometer; autoplay; clipboard-write; encrypted-media; gyroscope; picture-in-picture\" allowfullscreen><\/iframe><\/p>\n<p align=\"left\">&#8211; <strong>Presencial:<\/strong> Lunes a viernes: De 10:30 h. a 12:00 h.<\/p>\n<p align=\"left\"><a title=\"Matriculaci\u00f3n y solicitud de servicios compl. de Aula Matinal y Comedor.\" href=\"https:\/\/blogsaverroes.juntadeandalucia.es\/ceipconcepcionestevarena\/curso-escolar\/escolarizacion\/matriculacion-y-solicitud-de-servicios-compl-de-aula-matinal-y-comedor\/\" target=\"_blank\" rel=\"noopener noreferrer\">Mas informaci\u00f3n&#8230;<\/a><\/p>\n","protected":false},"excerpt":{"rendered":"<p>Plazo: Del 1 al 8 de junio de 2022,&nbsp; Solicitud Servicios Complementarios (Aula Matinal\/Comedor Escolar): Del 1 al 10 de junio de 2022 (9 y 10 de junio, solo presencial) Ambos tr\u00e1mites se realizar\u00e1n,&#46;&#46;&#46;<\/p>\n","protected":false},"author":10234,"featured_media":3314,"comment_status":"open","ping_status":"open","sticky":false,"template":"","format":"standard","meta":{"ngg_post_thumbnail":0,"footnotes":""},"categories":[2351661],"tags":[],"aioseo_notices":[],"_links":{"self":[{"href":"https:\/\/blogsaverroes.juntadeandalucia.es\/ceipconcepcionestevarena\/wp-json\/wp\/v2\/posts\/1747"}],"collection":[{"href":"https:\/\/blogsaverroes.juntadeandalucia.es\/ceipconcepcionestevarena\/wp-json\/wp\/v2\/posts"}],"about":[{"href":"https:\/\/blogsaverroes.juntadeandalucia.es\/ceipconcepcionestevarena\/wp-json\/wp\/v2\/types\/post"}],"author":[{"embeddable":true,"href":"https:\/\/blogsaverroes.juntadeandalucia.es\/ceipconcepcionestevarena\/wp-json\/wp\/v2\/users\/10234"}],"replies":[{"embeddable":true,"href":"https:\/\/blogsaverroes.juntadeandalucia.es\/ceipconcepcionestevarena\/wp-json\/wp\/v2\/comments?post=1747"}],"version-history":[{"count":18,"href":"https:\/\/blogsaverroes.juntadeandalucia.es\/ceipconcepcionestevarena\/wp-json\/wp\/v2\/posts\/1747\/revisions"}],"predecessor-version":[{"id":3334,"href":"https:\/\/blogsaverroes.juntadeandalucia.es\/ceipconcepcionestevarena\/wp-json\/wp\/v2\/posts\/1747\/revisions\/3334"}],"wp:featuredmedia":[{"embeddable":true,"href":"https:\/\/blogsaverroes.juntadeandalucia.es\/ceipconcepcionestevarena\/wp-json\/wp\/v2\/media\/3314"}],"wp:attachment":[{"href":"https:\/\/blogsaverroes.juntadeandalucia.es\/ceipconcepcionestevarena\/wp-json\/wp\/v2\/media?parent=1747"}],"wp:term":[{"taxonomy":"category","embeddable":true,"href":"https:\/\/blogsaverroes.juntadeandalucia.es\/ceipconcepcionestevarena\/wp-json\/wp\/v2\/categories?post=1747"},{"taxonomy":"post_tag","embeddable":true,"href":"https:\/\/blogsaverroes.juntadeandalucia.es\/ceipconcepcionestevarena\/wp-json\/wp\/v2\/tags?post=1747"}],"curies":[{"name":"wp","href":"https:\/\/api.w.org\/{rel}","templated":true}]}}