{"id":6187,"date":"2025-04-02T13:00:11","date_gmt":"2025-04-02T11:00:11","guid":{"rendered":"https:\/\/blogsaverroes.juntadeandalucia.es\/ceipconcepcionestevarena\/?p=6187"},"modified":"2025-04-02T18:14:18","modified_gmt":"2025-04-02T16:14:18","slug":"finalizacion-del-segundo-trimestre-curso-2024-2025","status":"publish","type":"post","link":"https:\/\/blogsaverroes.juntadeandalucia.es\/ceipconcepcionestevarena\/finalizacion-del-segundo-trimestre-curso-2024-2025\/","title":{"rendered":"Finalizaci\u00f3n del Segundo trimestre. Curso 2024-2025."},"content":{"rendered":"<p>Informaci\u00f3n sobre las distintas actuaciones previstas con ocasi\u00f3n de la <strong>FINALIZACI\u00d3N DEL SEGUNDO TRIMESTRE del curso 2024-2025<\/strong>; Boletines de Calificaciones, sesiones informativas a las familias (Tutor\u00edas), y per\u00edodo vacacional de Semana Santa:<br \/>\n\u2022 <strong>4 de abril de 2025 (viernes)<\/strong>. Los <strong>Boletines de Calificaciones<\/strong> de todo el alumnado, estar\u00e1n disponibles para las familias, en formato digital en el <em>\u00abPunto de recogida\u00bb<\/em> de la Plataforma de Informaci\u00f3n y Comunicaci\u00f3n Pasen\/IPasen, <strong>a partir de las 14:00 hora<\/strong>s de ese mismo d\u00eda. Adem\u00e1s, se facilitar\u00e1 igualmente a trav\u00e9s del alumnado, en versi\u00f3n impresa.<br \/>\n\u2022 <strong>7 de abril de 2025 (lunes)<\/strong>. <strong>Sesiones de tutor\u00edas<\/strong>: Los maestros y maestras quedan a disposici\u00f3n de las familias que deseen informaci\u00f3n sobre aspectos de inter\u00e9s relacionados con la evaluaci\u00f3n de sus hijos o hijas, como siempre, en horario de tutor\u00eda, de 16:00h a 17:00h.<br \/>\n<strong>Otra informaci\u00f3n de inter\u00e9s:<\/strong><br \/>\n<strong>Per\u00edodo vacacional de Semana Santa:<\/strong> De conformidad con el <a title=\"Calendario escolar\" href=\"https:\/\/blogsaverroes.juntadeandalucia.es\/ceipconcepcionestevarena\/curso-escolar\/calendario-escolar\/\" target=\"_blank\" rel=\"noopener\">Calendario Escola<\/a>r para el presente curso, ser\u00e1 el comprendido <strong>desde el 12 al 20 de abril de 2025<\/strong>, ambos inclusive.<br \/>\nEl <strong>21 de abril de 20254 (lunes)<\/strong>, se reanudan las clases y los servicios complementarios en los horarios habituales.<\/p>\n<table style=\"border-collapse: collapse;width: 100%\">\n<tbody>\n<tr>\n<td style=\"width: 100%;border-style: solid;border-color: #1247b8\"><em><strong>Nota:<\/strong> Acceso al Punto de Recogida. En Pasen\/IPasen, desde el perfil del alumno o la alumna o con c\u00f3digo iANDE del mismo, a trav\u00e9s del siguiente v\u00ednculo:<\/em><\/p>\n<p><em> <a title=\"Punto de recogida\" href=\"https:\/\/seneca.juntadeandalucia.es\/seneca\/puntoderecogida\/index.html\" target=\"_blank\" rel=\"noopener\">https:\/\/seneca.juntadeandalucia.es\/seneca\/puntoderecogida\/index.html<\/a><\/em><\/td>\n<\/tr>\n<\/tbody>\n<\/table>\n<p><a title=\"Comunicado\" href=\"https:\/\/blogsaverroes.juntadeandalucia.es\/ceipconcepcionestevarena\/files\/2025\/04\/Comunicado_20250402-001-F.pdf\" target=\"_blank\" rel=\"noopener\">Ver\/Imprimir Comunicado_20250402-001 (F)<\/a><\/p>\n","protected":false},"excerpt":{"rendered":"<p>Informaci\u00f3n sobre las distintas actuaciones previstas con ocasi\u00f3n de la FINALIZACI\u00d3N DEL SEGUNDO TRIMESTRE del curso 2024-2025; Boletines de Calificaciones, sesiones informativas a las familias (Tutor\u00edas), y per\u00edodo vacacional de Semana Santa: \u2022 4&#46;&#46;&#46;<\/p>\n","protected":false},"author":1000,"featured_media":0,"comment_status":"closed","ping_status":"open","sticky":false,"template":"","format":"standard","meta":{"ngg_post_thumbnail":0,"footnotes":""},"categories":[2351764,2351663],"tags":[],"aioseo_notices":[],"_links":{"self":[{"href":"https:\/\/blogsaverroes.juntadeandalucia.es\/ceipconcepcionestevarena\/wp-json\/wp\/v2\/posts\/6187"}],"collection":[{"href":"https:\/\/blogsaverroes.juntadeandalucia.es\/ceipconcepcionestevarena\/wp-json\/wp\/v2\/posts"}],"about":[{"href":"https:\/\/blogsaverroes.juntadeandalucia.es\/ceipconcepcionestevarena\/wp-json\/wp\/v2\/types\/post"}],"author":[{"embeddable":true,"href":"https:\/\/blogsaverroes.juntadeandalucia.es\/ceipconcepcionestevarena\/wp-json\/wp\/v2\/users\/1000"}],"replies":[{"embeddable":true,"href":"https:\/\/blogsaverroes.juntadeandalucia.es\/ceipconcepcionestevarena\/wp-json\/wp\/v2\/comments?post=6187"}],"version-history":[{"count":6,"href":"https:\/\/blogsaverroes.juntadeandalucia.es\/ceipconcepcionestevarena\/wp-json\/wp\/v2\/posts\/6187\/revisions"}],"predecessor-version":[{"id":6197,"href":"https:\/\/blogsaverroes.juntadeandalucia.es\/ceipconcepcionestevarena\/wp-json\/wp\/v2\/posts\/6187\/revisions\/6197"}],"wp:attachment":[{"href":"https:\/\/blogsaverroes.juntadeandalucia.es\/ceipconcepcionestevarena\/wp-json\/wp\/v2\/media?parent=6187"}],"wp:term":[{"taxonomy":"category","embeddable":true,"href":"https:\/\/blogsaverroes.juntadeandalucia.es\/ceipconcepcionestevarena\/wp-json\/wp\/v2\/categories?post=6187"},{"taxonomy":"post_tag","embeddable":true,"href":"https:\/\/blogsaverroes.juntadeandalucia.es\/ceipconcepcionestevarena\/wp-json\/wp\/v2\/tags?post=6187"}],"curies":[{"name":"wp","href":"https:\/\/api.w.org\/{rel}","templated":true}]}}