{"id":3309,"date":"2017-04-24T11:51:08","date_gmt":"2017-04-24T11:51:08","guid":{"rendered":"http:\/\/blogsaverroes.juntadeandalucia.es\/ceipcondedetendilla\/?p=3309"},"modified":"2017-04-24T12:00:40","modified_gmt":"2017-04-24T12:00:40","slug":"dia-del-libro","status":"publish","type":"post","link":"https:\/\/blogsaverroes.juntadeandalucia.es\/ceipcondedetendilla\/2017\/04\/24\/dia-del-libro\/","title":{"rendered":"D\u00eda del Libro"},"content":{"rendered":"<p>Con motivo de la celebraci\u00f3n del D\u00eda del Libro, desde el centro, y como viene siendo habitual desde hace algunos a\u00f1os, hemos preparado una programaci\u00f3n especial para la jornada del d\u00eda 25 de abril de 2017.<\/p>\n<p>Este d\u00eda, la jornada lectiva se centrar\u00e1 en actividades y talleres dedicados al fomento de la lectura, as\u00ed como a favorecer la integraci\u00f3n y la socializaci\u00f3n de nuestro alumnado.<\/p>\n<p>Para ello contaremos tambi\u00e9n con la ayuda inestimable de las familias y el A.M.P.A.<\/p>\n<p>Aqu\u00ed pod\u00e9is ojear el cartel que hemos preparado con todas las actividades para ese d\u00eda.<\/p>\n<p>&nbsp;<\/p>\n<p style=\"text-align: center\"><a href=\"https:\/\/docs.google.com\/viewer?a=v&amp;pid=sites&amp;srcid=ZGVmYXVsdGRvbWFpbnxjZWlwdGVuZGlsbGFhbGhhbWF8Z3g6MzZhNmM4YWM0ZjI1OGQ4MQ\">CARTEL D\u00cdA DEL LIBRO<\/a><\/p>\n<p style=\"text-align: center\">&nbsp;<a href=\"http:\/\/blogsaverroes.juntadeandalucia.es\/ceipcondedetendilla\/files\/2017\/04\/Captura-de-pantalla-de-2017-04-24-135239.png\"><img loading=\"lazy\" decoding=\"async\" class=\"alignnone size-medium wp-image-3313\" src=\"http:\/\/blogsaverroes.juntadeandalucia.es\/ceipcondedetendilla\/files\/2017\/04\/Captura-de-pantalla-de-2017-04-24-135239-213x300.png\" alt=\"\" width=\"213\" height=\"300\" srcset=\"https:\/\/blogsaverroes.juntadeandalucia.es\/ceipcondedetendilla\/files\/2017\/04\/Captura-de-pantalla-de-2017-04-24-135239-213x300.png 213w, https:\/\/blogsaverroes.juntadeandalucia.es\/ceipcondedetendilla\/files\/2017\/04\/Captura-de-pantalla-de-2017-04-24-135239-17x24.png 17w, https:\/\/blogsaverroes.juntadeandalucia.es\/ceipcondedetendilla\/files\/2017\/04\/Captura-de-pantalla-de-2017-04-24-135239-26x36.png 26w, https:\/\/blogsaverroes.juntadeandalucia.es\/ceipcondedetendilla\/files\/2017\/04\/Captura-de-pantalla-de-2017-04-24-135239-34x48.png 34w, https:\/\/blogsaverroes.juntadeandalucia.es\/ceipcondedetendilla\/files\/2017\/04\/Captura-de-pantalla-de-2017-04-24-135239.png 495w\" sizes=\"(max-width: 213px) 100vw, 213px\" \/><\/a><\/p>\n<p>&nbsp;<\/p>\n","protected":false},"excerpt":{"rendered":"<p>Con motivo de la celebraci\u00f3n del D\u00eda del Libro, desde el centro, y como viene siendo habitual desde hace algunos a\u00f1os, hemos preparado una programaci\u00f3n especial para la jornada del d\u00eda 25 de abril de 2017. Este d\u00eda, la jornada lectiva se centrar\u00e1 en actividades y talleres dedicados al fomento de la lectura, as\u00ed como &hellip; <\/p>\n<p class=\"link-more\"><a href=\"https:\/\/blogsaverroes.juntadeandalucia.es\/ceipcondedetendilla\/2017\/04\/24\/dia-del-libro\/\" class=\"more-link\">Continuar leyendo<span class=\"screen-reader-text\"> \u00abD\u00eda del Libro\u00bb<\/span><\/a><\/p>\n","protected":false},"author":1887,"featured_media":3310,"comment_status":"open","ping_status":"open","sticky":false,"template":"","format":"standard","meta":{"ngg_post_thumbnail":0,"footnotes":""},"categories":[526],"tags":[],"aioseo_notices":[],"_links":{"self":[{"href":"https:\/\/blogsaverroes.juntadeandalucia.es\/ceipcondedetendilla\/wp-json\/wp\/v2\/posts\/3309"}],"collection":[{"href":"https:\/\/blogsaverroes.juntadeandalucia.es\/ceipcondedetendilla\/wp-json\/wp\/v2\/posts"}],"about":[{"href":"https:\/\/blogsaverroes.juntadeandalucia.es\/ceipcondedetendilla\/wp-json\/wp\/v2\/types\/post"}],"author":[{"embeddable":true,"href":"https:\/\/blogsaverroes.juntadeandalucia.es\/ceipcondedetendilla\/wp-json\/wp\/v2\/users\/1887"}],"replies":[{"embeddable":true,"href":"https:\/\/blogsaverroes.juntadeandalucia.es\/ceipcondedetendilla\/wp-json\/wp\/v2\/comments?post=3309"}],"version-history":[{"count":3,"href":"https:\/\/blogsaverroes.juntadeandalucia.es\/ceipcondedetendilla\/wp-json\/wp\/v2\/posts\/3309\/revisions"}],"predecessor-version":[{"id":3314,"href":"https:\/\/blogsaverroes.juntadeandalucia.es\/ceipcondedetendilla\/wp-json\/wp\/v2\/posts\/3309\/revisions\/3314"}],"wp:featuredmedia":[{"embeddable":true,"href":"https:\/\/blogsaverroes.juntadeandalucia.es\/ceipcondedetendilla\/wp-json\/wp\/v2\/media\/3310"}],"wp:attachment":[{"href":"https:\/\/blogsaverroes.juntadeandalucia.es\/ceipcondedetendilla\/wp-json\/wp\/v2\/media?parent=3309"}],"wp:term":[{"taxonomy":"category","embeddable":true,"href":"https:\/\/blogsaverroes.juntadeandalucia.es\/ceipcondedetendilla\/wp-json\/wp\/v2\/categories?post=3309"},{"taxonomy":"post_tag","embeddable":true,"href":"https:\/\/blogsaverroes.juntadeandalucia.es\/ceipcondedetendilla\/wp-json\/wp\/v2\/tags?post=3309"}],"curies":[{"name":"wp","href":"https:\/\/api.w.org\/{rel}","templated":true}]}}