{"id":4767,"date":"2023-01-08T17:13:00","date_gmt":"2023-01-08T17:13:00","guid":{"rendered":"http:\/\/blogsaverroes.juntadeandalucia.es\/ceipcondedetendilla\/?p=4767"},"modified":"2023-01-08T17:13:00","modified_gmt":"2023-01-08T17:13:00","slug":"concurso-de-postales","status":"publish","type":"post","link":"https:\/\/blogsaverroes.juntadeandalucia.es\/ceipcondedetendilla\/2023\/01\/08\/concurso-de-postales\/","title":{"rendered":"CONCURSO DE POSTALES"},"content":{"rendered":"<p>Ma\u00f1ana tiene lugar la vuelta al cole despu\u00e9s de las fiestas y todav\u00eda nos quedan varios post recordando algunos eventos que tuvieron lugar antes de poder disfrutar de estos d\u00edas. Uno de ellos fue el <strong>concurso de postales<\/strong> en el que el alumnado particip\u00f3, dibujando una postal con motivos navide\u00f1os, pero que tambi\u00e9n incluyese alg\u00fan elemento de nuestra localidad, Alhama. Finalmente resultaron ganadores la alumna de la clase de<strong> 5 a\u00f1os Mar\u00eda El Maataoui<\/strong> y el <strong>alumno Jairo Correa de 4\u00ba de Primaria.<\/strong> \u00a1Enhorabuena a los dos!<\/p>\n<p><a href=\"https:\/\/blogsaverroes.juntadeandalucia.es\/ceipcondedetendilla\/files\/2023\/01\/321250281_518983623507297_2862590076972698519_n.jpg\"><img loading=\"lazy\" decoding=\"async\" class=\"alignnone size-medium wp-image-4768\" src=\"https:\/\/blogsaverroes.juntadeandalucia.es\/ceipcondedetendilla\/files\/2023\/01\/321250281_518983623507297_2862590076972698519_n-300x200.jpg\" alt=\"\" width=\"300\" height=\"200\" srcset=\"https:\/\/blogsaverroes.juntadeandalucia.es\/ceipcondedetendilla\/files\/2023\/01\/321250281_518983623507297_2862590076972698519_n-300x200.jpg 300w, https:\/\/blogsaverroes.juntadeandalucia.es\/ceipcondedetendilla\/files\/2023\/01\/321250281_518983623507297_2862590076972698519_n-768x512.jpg 768w, https:\/\/blogsaverroes.juntadeandalucia.es\/ceipcondedetendilla\/files\/2023\/01\/321250281_518983623507297_2862590076972698519_n.jpg 810w\" sizes=\"(max-width: 300px) 100vw, 300px\" \/><\/a><\/p>\n","protected":false},"excerpt":{"rendered":"<p>Ma\u00f1ana tiene lugar la vuelta al cole despu\u00e9s de las fiestas y todav\u00eda nos quedan varios post recordando algunos eventos que tuvieron lugar antes de poder disfrutar de estos d\u00edas. Uno de ellos fue el concurso de postales en el que el alumnado particip\u00f3, dibujando una postal con motivos navide\u00f1os, pero que tambi\u00e9n incluyese alg\u00fan &hellip; <\/p>\n<p class=\"link-more\"><a href=\"https:\/\/blogsaverroes.juntadeandalucia.es\/ceipcondedetendilla\/2023\/01\/08\/concurso-de-postales\/\" class=\"more-link\">Continuar leyendo<span class=\"screen-reader-text\"> \u00abCONCURSO DE POSTALES\u00bb<\/span><\/a><\/p>\n","protected":false},"author":1887,"featured_media":4768,"comment_status":"open","ping_status":"open","sticky":false,"template":"","format":"standard","meta":{"ngg_post_thumbnail":0,"footnotes":""},"categories":[25490,1344972],"tags":[1344976,1344971,1344970,1344922,1344921],"aioseo_notices":[],"_links":{"self":[{"href":"https:\/\/blogsaverroes.juntadeandalucia.es\/ceipcondedetendilla\/wp-json\/wp\/v2\/posts\/4767"}],"collection":[{"href":"https:\/\/blogsaverroes.juntadeandalucia.es\/ceipcondedetendilla\/wp-json\/wp\/v2\/posts"}],"about":[{"href":"https:\/\/blogsaverroes.juntadeandalucia.es\/ceipcondedetendilla\/wp-json\/wp\/v2\/types\/post"}],"author":[{"embeddable":true,"href":"https:\/\/blogsaverroes.juntadeandalucia.es\/ceipcondedetendilla\/wp-json\/wp\/v2\/users\/1887"}],"replies":[{"embeddable":true,"href":"https:\/\/blogsaverroes.juntadeandalucia.es\/ceipcondedetendilla\/wp-json\/wp\/v2\/comments?post=4767"}],"version-history":[{"count":1,"href":"https:\/\/blogsaverroes.juntadeandalucia.es\/ceipcondedetendilla\/wp-json\/wp\/v2\/posts\/4767\/revisions"}],"predecessor-version":[{"id":4769,"href":"https:\/\/blogsaverroes.juntadeandalucia.es\/ceipcondedetendilla\/wp-json\/wp\/v2\/posts\/4767\/revisions\/4769"}],"wp:featuredmedia":[{"embeddable":true,"href":"https:\/\/blogsaverroes.juntadeandalucia.es\/ceipcondedetendilla\/wp-json\/wp\/v2\/media\/4768"}],"wp:attachment":[{"href":"https:\/\/blogsaverroes.juntadeandalucia.es\/ceipcondedetendilla\/wp-json\/wp\/v2\/media?parent=4767"}],"wp:term":[{"taxonomy":"category","embeddable":true,"href":"https:\/\/blogsaverroes.juntadeandalucia.es\/ceipcondedetendilla\/wp-json\/wp\/v2\/categories?post=4767"},{"taxonomy":"post_tag","embeddable":true,"href":"https:\/\/blogsaverroes.juntadeandalucia.es\/ceipcondedetendilla\/wp-json\/wp\/v2\/tags?post=4767"}],"curies":[{"name":"wp","href":"https:\/\/api.w.org\/{rel}","templated":true}]}}