{"id":7133,"date":"2024-10-14T19:47:17","date_gmt":"2024-10-14T19:47:17","guid":{"rendered":"https:\/\/blogsaverroes.juntadeandalucia.es\/ceipcondedetendilla\/?p=7133"},"modified":"2024-10-14T19:47:17","modified_gmt":"2024-10-14T19:47:17","slug":"comienza-el-proa","status":"publish","type":"post","link":"https:\/\/blogsaverroes.juntadeandalucia.es\/ceipcondedetendilla\/2024\/10\/14\/comienza-el-proa\/","title":{"rendered":"\u00a1COMIENZA EL PROA!"},"content":{"rendered":"<p>A partir de ma\u00f1ana, <strong>martes 15 de octubre<\/strong>, dar\u00e1 <strong>comienzo el PROA<\/strong> con el fin de optimizar la consecuci\u00f3n de las competencias clave en nuestro alumnado. Os recordamos que esta oferta est\u00e1 destinada para los <strong>cursos de 3\u00ba a 6\u00ba de Educaci\u00f3n Primaria.<\/strong> Si necesit\u00e1is m\u00e1s informaci\u00f3n no dud\u00e9is en solicitarla.<\/p>\n","protected":false},"excerpt":{"rendered":"<p>A partir de ma\u00f1ana, martes 15 de octubre, dar\u00e1 comienzo el PROA con el fin de optimizar la consecuci\u00f3n de las competencias clave en nuestro alumnado. Os recordamos que esta oferta est\u00e1 destinada para los cursos de 3\u00ba a 6\u00ba de Educaci\u00f3n Primaria. Si necesit\u00e1is m\u00e1s informaci\u00f3n no dud\u00e9is en solicitarla.<\/p>\n","protected":false},"author":1887,"featured_media":0,"comment_status":"open","ping_status":"open","sticky":false,"template":"","format":"standard","meta":{"ngg_post_thumbnail":0,"footnotes":""},"categories":[11909],"tags":[],"aioseo_notices":[],"_links":{"self":[{"href":"https:\/\/blogsaverroes.juntadeandalucia.es\/ceipcondedetendilla\/wp-json\/wp\/v2\/posts\/7133"}],"collection":[{"href":"https:\/\/blogsaverroes.juntadeandalucia.es\/ceipcondedetendilla\/wp-json\/wp\/v2\/posts"}],"about":[{"href":"https:\/\/blogsaverroes.juntadeandalucia.es\/ceipcondedetendilla\/wp-json\/wp\/v2\/types\/post"}],"author":[{"embeddable":true,"href":"https:\/\/blogsaverroes.juntadeandalucia.es\/ceipcondedetendilla\/wp-json\/wp\/v2\/users\/1887"}],"replies":[{"embeddable":true,"href":"https:\/\/blogsaverroes.juntadeandalucia.es\/ceipcondedetendilla\/wp-json\/wp\/v2\/comments?post=7133"}],"version-history":[{"count":2,"href":"https:\/\/blogsaverroes.juntadeandalucia.es\/ceipcondedetendilla\/wp-json\/wp\/v2\/posts\/7133\/revisions"}],"predecessor-version":[{"id":7135,"href":"https:\/\/blogsaverroes.juntadeandalucia.es\/ceipcondedetendilla\/wp-json\/wp\/v2\/posts\/7133\/revisions\/7135"}],"wp:attachment":[{"href":"https:\/\/blogsaverroes.juntadeandalucia.es\/ceipcondedetendilla\/wp-json\/wp\/v2\/media?parent=7133"}],"wp:term":[{"taxonomy":"category","embeddable":true,"href":"https:\/\/blogsaverroes.juntadeandalucia.es\/ceipcondedetendilla\/wp-json\/wp\/v2\/categories?post=7133"},{"taxonomy":"post_tag","embeddable":true,"href":"https:\/\/blogsaverroes.juntadeandalucia.es\/ceipcondedetendilla\/wp-json\/wp\/v2\/tags?post=7133"}],"curies":[{"name":"wp","href":"https:\/\/api.w.org\/{rel}","templated":true}]}}