{"id":2381,"date":"2022-06-01T00:00:56","date_gmt":"2022-06-01T00:00:56","guid":{"rendered":"https:\/\/blogsaverroes.juntadeandalucia.es\/ceipcristodemena\/?p=2381"},"modified":"2022-06-01T07:08:58","modified_gmt":"2022-06-01T07:08:58","slug":"matriculacion","status":"publish","type":"post","link":"https:\/\/blogsaverroes.juntadeandalucia.es\/ceipcristodemena\/matriculacion\/","title":{"rendered":"MATRICULACI\u00d3N"},"content":{"rendered":"<p><img loading=\"lazy\" decoding=\"async\" class=\"aligncenter\" src=\"https:\/\/www.juntadeandalucia.es\/educacion\/portals\/image\/layout_set_logo?img_id=22116&amp;t=1620528422922\" alt=\"Escolarizaci\u00f3n 2021\/2022\" width=\"395\" height=\"118\"><\/p>\n<h2 style=\"text-align: center\">MATRICULACI\u00d3N 2022<\/h2>\n<pre>EL PERIODO DE MATRICULACI\u00d3N PARA ESTE CURSO COMIENZA HOY, D\u00cdA 1 DE JUNIO Y TERMINA EL DIA 8 DE JUNIO.\r\n\r\nPara descargar los impresos que necesite pinche encima del enlace.\r\n\r\n<a href=\"https:\/\/www.juntadeandalucia.es\/educacion\/portals\/delegate\/content\/55fad88e-7bb3-40e3-bbe4-198107487345\/ANEXO%20V\">IMPRESO PARA PRIMARIA<\/a>\r\n\r\n<a href=\"https:\/\/www.juntadeandalucia.es\/educacion\/portals\/delegate\/content\/d26442b2-4b4a-433a-9c1e-e1790a29f781\/ANEXO%20IV\">IMPRESO PARA INFANTIL<\/a>\r\n\r\n<a href=\"https:\/\/www.juntadeandalucia.es\/educacion\/portals\/delegate\/content\/12c1f402-4ea8-4a01-a921-5baa061cc442\/ANEXO%20-%20RELIGI%C3%93N\">SOLICITUD PARA CURSAR LA ENSE\u00d1ANZA DE RELIGI\u00d3N<\/a>\r\n\r\n<a href=\"https:\/\/blogsaverroes.juntadeandalucia.es\/ceipcristodemena\/files\/2021\/05\/SOLICITUD-DE-AULA-MATINAL-COMEDOR-ESCOLAR-Y-ACTIVIDADES-EXTRAESCOLAREA.pdf\">SOLICITUD DE AULA MATINAL, COMEDOR ESCOLAR Y ACTIVIDADES EXTRAESCOLARES<\/a>\r\n\r\nTambi\u00e9n puede realizar sus tramites a trav\u00e9s de la secretaria virtual de los centros educativos, pinchando sobre ella.<\/pre>\n<h6><a href=\"https:\/\/www.juntadeandalucia.es\/educacion\/secretariavirtual\/solicitudes\/\"><img decoding=\"async\" class=\"pull-right\" src=\"https:\/\/www.juntadeandalucia.es\/educacion\/secretariavirtual\/images\/logo_secretaria_virtual.svg\" alt=\"Secretar\u00eda Virtual\"><\/a><\/h6>\n<p>&nbsp;<\/p>\n","protected":false},"excerpt":{"rendered":"<p>MATRICULACI\u00d3N 2022 EL PERIODO DE MATRICULACI\u00d3N PARA ESTE CURSO COMIENZA HOY, D\u00cdA 1 DE JUNIO Y TERMINA EL DIA 8 DE JUNIO. Para descargar los impresos que necesite pinche encima del enlace. IMPRESO PARA&#46;&#46;&#46;<\/p>\n","protected":false},"author":11086,"featured_media":2395,"comment_status":"closed","ping_status":"closed","sticky":false,"template":"","format":"standard","meta":{"ngg_post_thumbnail":0,"footnotes":""},"categories":[1000142,307390,526],"tags":[],"aioseo_notices":[],"_links":{"self":[{"href":"https:\/\/blogsaverroes.juntadeandalucia.es\/ceipcristodemena\/wp-json\/wp\/v2\/posts\/2381"}],"collection":[{"href":"https:\/\/blogsaverroes.juntadeandalucia.es\/ceipcristodemena\/wp-json\/wp\/v2\/posts"}],"about":[{"href":"https:\/\/blogsaverroes.juntadeandalucia.es\/ceipcristodemena\/wp-json\/wp\/v2\/types\/post"}],"author":[{"embeddable":true,"href":"https:\/\/blogsaverroes.juntadeandalucia.es\/ceipcristodemena\/wp-json\/wp\/v2\/users\/11086"}],"replies":[{"embeddable":true,"href":"https:\/\/blogsaverroes.juntadeandalucia.es\/ceipcristodemena\/wp-json\/wp\/v2\/comments?post=2381"}],"version-history":[{"count":8,"href":"https:\/\/blogsaverroes.juntadeandalucia.es\/ceipcristodemena\/wp-json\/wp\/v2\/posts\/2381\/revisions"}],"predecessor-version":[{"id":2715,"href":"https:\/\/blogsaverroes.juntadeandalucia.es\/ceipcristodemena\/wp-json\/wp\/v2\/posts\/2381\/revisions\/2715"}],"wp:featuredmedia":[{"embeddable":true,"href":"https:\/\/blogsaverroes.juntadeandalucia.es\/ceipcristodemena\/wp-json\/wp\/v2\/media\/2395"}],"wp:attachment":[{"href":"https:\/\/blogsaverroes.juntadeandalucia.es\/ceipcristodemena\/wp-json\/wp\/v2\/media?parent=2381"}],"wp:term":[{"taxonomy":"category","embeddable":true,"href":"https:\/\/blogsaverroes.juntadeandalucia.es\/ceipcristodemena\/wp-json\/wp\/v2\/categories?post=2381"},{"taxonomy":"post_tag","embeddable":true,"href":"https:\/\/blogsaverroes.juntadeandalucia.es\/ceipcristodemena\/wp-json\/wp\/v2\/tags?post=2381"}],"curies":[{"name":"wp","href":"https:\/\/api.w.org\/{rel}","templated":true}]}}