{"id":2449,"date":"2021-09-08T08:59:49","date_gmt":"2021-09-08T08:59:49","guid":{"rendered":"https:\/\/blogsaverroes.juntadeandalucia.es\/ceipcristodemena\/?p=2449"},"modified":"2021-09-10T11:22:59","modified_gmt":"2021-09-10T11:22:59","slug":"actividades-extraescolares","status":"publish","type":"post","link":"https:\/\/blogsaverroes.juntadeandalucia.es\/ceipcristodemena\/actividades-extraescolares\/","title":{"rendered":"ACTIVIDADES EXTRAESCOLARES"},"content":{"rendered":"<pre style=\"text-align: center\"><a href=\"https:\/\/blogsaverroes.juntadeandalucia.es\/ceipcristodemena\/files\/2021\/09\/extraescolares-800x312-1.png\"><img loading=\"lazy\" decoding=\"async\" class=\"alignnone size-medium wp-image-2450\" src=\"https:\/\/blogsaverroes.juntadeandalucia.es\/ceipcristodemena\/files\/2021\/09\/extraescolares-800x312-1-300x117.png\" alt=\"\" width=\"300\" height=\"117\" srcset=\"https:\/\/blogsaverroes.juntadeandalucia.es\/ceipcristodemena\/files\/2021\/09\/extraescolares-800x312-1-300x117.png 300w, https:\/\/blogsaverroes.juntadeandalucia.es\/ceipcristodemena\/files\/2021\/09\/extraescolares-800x312-1-768x300.png 768w, https:\/\/blogsaverroes.juntadeandalucia.es\/ceipcristodemena\/files\/2021\/09\/extraescolares-800x312-1.png 800w\" sizes=\"(max-width: 300px) 100vw, 300px\" \/><\/a><\/pre>\n<p style=\"text-align: left\"><span style=\"color: #0000ff\">Hola familias: Aqu\u00ed os dejamos el horario de actividades extra escolares para el curso 2021-22.<\/span><\/p>\n<p style=\"text-align: left\"><strong><span style=\"color: #ff6600;text-align: center\">INGL\u00c9S. LUNES Y MI\u00c9RCOLES DE 16:00 A 17:00<\/span><\/strong><\/p>\n<p><strong>MULTIDEPORTE + BAILE: MARTES Y JUEVES DE 16:00 A 17:00<\/strong><\/p>\n<table style=\"width: 0%;border-collapse: collapse;border-style: outset;height: 176px\" border=\"5\">\n<tbody>\n<tr style=\"height: 24px\">\n<td style=\"width: 16.6667%;height: 24px\">&nbsp;<\/td>\n<td style=\"width: 18.5819%;text-align: center;height: 24px\">&nbsp;<\/td>\n<td style=\"width: 41.6667%;text-align: center;height: 24px\">&nbsp;<\/td>\n<td style=\"width: 41.6667%;text-align: center;height: 24px\">&nbsp;<\/td>\n<td style=\"width: 41.6667%;text-align: center;height: 24px\">&nbsp;<\/td>\n<\/tr>\n<tr style=\"height: 48px\">\n<td style=\"width: 16.6667%;text-align: center;height: 48px\">&nbsp;<\/td>\n<td style=\"width: 18.5819%;text-align: center;height: 48px\">&nbsp;<\/td>\n<td style=\"width: 41.6667%;text-align: center;height: 48px\">&nbsp;<\/td>\n<td style=\"width: 41.6667%;text-align: center;height: 48px\">&nbsp;<\/td>\n<td style=\"width: 41.6667%;text-align: center;height: 48px\">&nbsp;<\/td>\n<\/tr>\n<tr style=\"height: 96px\">\n<td style=\"width: 16.6667%;text-align: center;height: 96px\">&nbsp;<\/td>\n<td style=\"width: 18.5819%;text-align: center;height: 96px\">&nbsp;<\/td>\n<td style=\"width: 41.6667%;text-align: center;height: 96px\">&nbsp;<\/td>\n<td style=\"width: 41.6667%;text-align: center;height: 96px\">&nbsp;<\/td>\n<td style=\"width: 41.6667%;text-align: center;height: 96px\">&nbsp;<\/td>\n<\/tr>\n<\/tbody>\n<\/table>\n","protected":false},"excerpt":{"rendered":"<p>Hola familias: Aqu\u00ed os dejamos el horario de actividades extra escolares para el curso 2021-22. INGL\u00c9S. LUNES Y MI\u00c9RCOLES DE 16:00 A 17:00 MULTIDEPORTE + BAILE: MARTES Y JUEVES DE 16:00 A 17:00 &nbsp;&#46;&#46;&#46;<\/p>\n","protected":false},"author":11086,"featured_media":2450,"comment_status":"open","ping_status":"open","sticky":false,"template":"","format":"standard","meta":{"ngg_post_thumbnail":0,"footnotes":""},"categories":[25494,25495,25496,25498,307390,526],"tags":[],"aioseo_notices":[],"_links":{"self":[{"href":"https:\/\/blogsaverroes.juntadeandalucia.es\/ceipcristodemena\/wp-json\/wp\/v2\/posts\/2449"}],"collection":[{"href":"https:\/\/blogsaverroes.juntadeandalucia.es\/ceipcristodemena\/wp-json\/wp\/v2\/posts"}],"about":[{"href":"https:\/\/blogsaverroes.juntadeandalucia.es\/ceipcristodemena\/wp-json\/wp\/v2\/types\/post"}],"author":[{"embeddable":true,"href":"https:\/\/blogsaverroes.juntadeandalucia.es\/ceipcristodemena\/wp-json\/wp\/v2\/users\/11086"}],"replies":[{"embeddable":true,"href":"https:\/\/blogsaverroes.juntadeandalucia.es\/ceipcristodemena\/wp-json\/wp\/v2\/comments?post=2449"}],"version-history":[{"count":17,"href":"https:\/\/blogsaverroes.juntadeandalucia.es\/ceipcristodemena\/wp-json\/wp\/v2\/posts\/2449\/revisions"}],"predecessor-version":[{"id":2479,"href":"https:\/\/blogsaverroes.juntadeandalucia.es\/ceipcristodemena\/wp-json\/wp\/v2\/posts\/2449\/revisions\/2479"}],"wp:featuredmedia":[{"embeddable":true,"href":"https:\/\/blogsaverroes.juntadeandalucia.es\/ceipcristodemena\/wp-json\/wp\/v2\/media\/2450"}],"wp:attachment":[{"href":"https:\/\/blogsaverroes.juntadeandalucia.es\/ceipcristodemena\/wp-json\/wp\/v2\/media?parent=2449"}],"wp:term":[{"taxonomy":"category","embeddable":true,"href":"https:\/\/blogsaverroes.juntadeandalucia.es\/ceipcristodemena\/wp-json\/wp\/v2\/categories?post=2449"},{"taxonomy":"post_tag","embeddable":true,"href":"https:\/\/blogsaverroes.juntadeandalucia.es\/ceipcristodemena\/wp-json\/wp\/v2\/tags?post=2449"}],"curies":[{"name":"wp","href":"https:\/\/api.w.org\/{rel}","templated":true}]}}