{"id":2735,"date":"2022-09-05T08:51:44","date_gmt":"2022-09-05T08:51:44","guid":{"rendered":"https:\/\/blogsaverroes.juntadeandalucia.es\/ceipcristodemena\/?p=2735"},"modified":"2022-09-05T08:51:44","modified_gmt":"2022-09-05T08:51:44","slug":"informacion-a-las-familias-de-infantil-de-3-anos","status":"publish","type":"post","link":"https:\/\/blogsaverroes.juntadeandalucia.es\/ceipcristodemena\/informacion-a-las-familias-de-infantil-de-3-anos\/","title":{"rendered":"INFORMACI\u00d3N A LAS FAMILIAS DE INFANTIL DE 3 A\u00d1OS"},"content":{"rendered":"<div style=\"width: 1920px;\" class=\"wp-video\"><!--[if lt IE 9]><script>document.createElement('video');<\/script><![endif]-->\n<video class=\"wp-video-shortcode\" id=\"video-2735-1\" width=\"1920\" height=\"1080\" preload=\"metadata\" controls=\"controls\"><source type=\"video\/mp4\" src=\"https:\/\/blogsaverroes.juntadeandalucia.es\/ceipcristodemena\/files\/2022\/09\/v\u00eddeo-reuni\u00f3n-inicial-3-a\u00f1os-Cloti.mp4?_=1\" \/><a href=\"https:\/\/blogsaverroes.juntadeandalucia.es\/ceipcristodemena\/files\/2022\/09\/v\u00eddeo-reuni\u00f3n-inicial-3-a\u00f1os-Cloti.mp4\">https:\/\/blogsaverroes.juntadeandalucia.es\/ceipcristodemena\/files\/2022\/09\/v\u00eddeo-reuni\u00f3n-inicial-3-a\u00f1os-Cloti.mp4<\/a><\/video><\/div>\n<p>&nbsp;<\/p>\n<p><a href=\"https:\/\/blogsaverroes.juntadeandalucia.es\/ceipcristodemena\/files\/2022\/09\/Reuni\u00f3n-inicial-3-a\u00f1os-PDF-Cloti.pdf\">Reuni\u00f3n inicial 3 a\u00f1os PDF Cloti<\/a><\/p>\n","protected":false},"excerpt":{"rendered":"<p>&nbsp; Reuni\u00f3n inicial 3 a\u00f1os PDF Cloti<\/p>\n","protected":false},"author":11086,"featured_media":1615,"comment_status":"open","ping_status":"open","sticky":false,"template":"","format":"standard","meta":{"ngg_post_thumbnail":0,"footnotes":""},"categories":[25498,307390,526],"tags":[],"aioseo_notices":[],"_links":{"self":[{"href":"https:\/\/blogsaverroes.juntadeandalucia.es\/ceipcristodemena\/wp-json\/wp\/v2\/posts\/2735"}],"collection":[{"href":"https:\/\/blogsaverroes.juntadeandalucia.es\/ceipcristodemena\/wp-json\/wp\/v2\/posts"}],"about":[{"href":"https:\/\/blogsaverroes.juntadeandalucia.es\/ceipcristodemena\/wp-json\/wp\/v2\/types\/post"}],"author":[{"embeddable":true,"href":"https:\/\/blogsaverroes.juntadeandalucia.es\/ceipcristodemena\/wp-json\/wp\/v2\/users\/11086"}],"replies":[{"embeddable":true,"href":"https:\/\/blogsaverroes.juntadeandalucia.es\/ceipcristodemena\/wp-json\/wp\/v2\/comments?post=2735"}],"version-history":[{"count":1,"href":"https:\/\/blogsaverroes.juntadeandalucia.es\/ceipcristodemena\/wp-json\/wp\/v2\/posts\/2735\/revisions"}],"predecessor-version":[{"id":2738,"href":"https:\/\/blogsaverroes.juntadeandalucia.es\/ceipcristodemena\/wp-json\/wp\/v2\/posts\/2735\/revisions\/2738"}],"wp:featuredmedia":[{"embeddable":true,"href":"https:\/\/blogsaverroes.juntadeandalucia.es\/ceipcristodemena\/wp-json\/wp\/v2\/media\/1615"}],"wp:attachment":[{"href":"https:\/\/blogsaverroes.juntadeandalucia.es\/ceipcristodemena\/wp-json\/wp\/v2\/media?parent=2735"}],"wp:term":[{"taxonomy":"category","embeddable":true,"href":"https:\/\/blogsaverroes.juntadeandalucia.es\/ceipcristodemena\/wp-json\/wp\/v2\/categories?post=2735"},{"taxonomy":"post_tag","embeddable":true,"href":"https:\/\/blogsaverroes.juntadeandalucia.es\/ceipcristodemena\/wp-json\/wp\/v2\/tags?post=2735"}],"curies":[{"name":"wp","href":"https:\/\/api.w.org\/{rel}","templated":true}]}}