{"id":2804,"date":"2024-08-19T10:44:35","date_gmt":"2024-08-19T10:44:35","guid":{"rendered":"https:\/\/blogsaverroes.juntadeandalucia.es\/ceipcristodemena\/?p=2804"},"modified":"2025-06-30T10:54:12","modified_gmt":"2025-06-30T10:54:12","slug":"https-blogsaverroes-juntadeandalucia-es-ceipcristodemena-files-2022-07-img-5444-scaled-jpg","status":"publish","type":"post","link":"https:\/\/blogsaverroes.juntadeandalucia.es\/ceipcristodemena\/https-blogsaverroes-juntadeandalucia-es-ceipcristodemena-files-2022-07-img-5444-scaled-jpg\/","title":{"rendered":"MATERIALES EDUCACI\u00d3N INFANTIL 2025-26"},"content":{"rendered":"<p><a href=\"https:\/\/blogsaverroes.juntadeandalucia.es\/ceipcristodemena\/files\/2024\/08\/MATERIAL-EDUCACION-INFANTIL-CURSO-2025-26.pdf\"><img loading=\"lazy\" decoding=\"async\" class=\"size-medium wp-image-2438 aligncenter\" src=\"https:\/\/blogsaverroes.juntadeandalucia.es\/ceipcristodemena\/files\/2021\/06\/LIBROS-EDUCACI\u00d3N-INFANTIL-300x205.png\" alt=\"\" width=\"300\" height=\"205\" srcset=\"https:\/\/blogsaverroes.juntadeandalucia.es\/ceipcristodemena\/files\/2021\/06\/LIBROS-EDUCACI\u00d3N-INFANTIL-300x205.png 300w, https:\/\/blogsaverroes.juntadeandalucia.es\/ceipcristodemena\/files\/2021\/06\/LIBROS-EDUCACI\u00d3N-INFANTIL-768x525.png 768w, https:\/\/blogsaverroes.juntadeandalucia.es\/ceipcristodemena\/files\/2021\/06\/LIBROS-EDUCACI\u00d3N-INFANTIL.png 970w\" sizes=\"(max-width: 300px) 100vw, 300px\" \/><\/a>Queridas familias de los alumnos de Educaci\u00f3n Infantil:<\/p>\n<p style=\"text-align: justify\">Nos ponemos en contacto con ustedes, para facilitarles los libros que necesitar\u00e1n los alumnos\/as para el CURSO ESCOLAR 25-26<\/p>\n<p style=\"text-align: justify\">Para ello, deber\u00e1n pinchar en LA IMAGEN de arriba y le saldr\u00e1 un pdf con los materiales de los cursos de 3, 4 y 5 a\u00f1os. Solo se deber\u00e1 anotar el ISBN del curso en el que su hijo est\u00e1 matriculado y facilit\u00e1rselo al establecimiento donde pretendan adquirirlos.<\/p>\n<p style=\"text-align: justify\">Un saludo.<\/p>\n<p>El Equipo Docente del CEIP Cristo de Mena.<\/p>\n","protected":false},"excerpt":{"rendered":"<p>Queridas familias de los alumnos de Educaci\u00f3n Infantil: Nos ponemos en contacto con ustedes, para facilitarles los libros que necesitar\u00e1n los alumnos\/as para el CURSO ESCOLAR 25-26 Para ello, deber\u00e1n pinchar en LA IMAGEN&#46;&#46;&#46;<\/p>\n","protected":false},"author":11086,"featured_media":2437,"comment_status":"open","ping_status":"open","sticky":false,"template":"","format":"standard","meta":{"ngg_post_thumbnail":0,"footnotes":""},"categories":[25498,307390,526],"tags":[],"aioseo_notices":[],"_links":{"self":[{"href":"https:\/\/blogsaverroes.juntadeandalucia.es\/ceipcristodemena\/wp-json\/wp\/v2\/posts\/2804"}],"collection":[{"href":"https:\/\/blogsaverroes.juntadeandalucia.es\/ceipcristodemena\/wp-json\/wp\/v2\/posts"}],"about":[{"href":"https:\/\/blogsaverroes.juntadeandalucia.es\/ceipcristodemena\/wp-json\/wp\/v2\/types\/post"}],"author":[{"embeddable":true,"href":"https:\/\/blogsaverroes.juntadeandalucia.es\/ceipcristodemena\/wp-json\/wp\/v2\/users\/11086"}],"replies":[{"embeddable":true,"href":"https:\/\/blogsaverroes.juntadeandalucia.es\/ceipcristodemena\/wp-json\/wp\/v2\/comments?post=2804"}],"version-history":[{"count":4,"href":"https:\/\/blogsaverroes.juntadeandalucia.es\/ceipcristodemena\/wp-json\/wp\/v2\/posts\/2804\/revisions"}],"predecessor-version":[{"id":2823,"href":"https:\/\/blogsaverroes.juntadeandalucia.es\/ceipcristodemena\/wp-json\/wp\/v2\/posts\/2804\/revisions\/2823"}],"wp:featuredmedia":[{"embeddable":true,"href":"https:\/\/blogsaverroes.juntadeandalucia.es\/ceipcristodemena\/wp-json\/wp\/v2\/media\/2437"}],"wp:attachment":[{"href":"https:\/\/blogsaverroes.juntadeandalucia.es\/ceipcristodemena\/wp-json\/wp\/v2\/media?parent=2804"}],"wp:term":[{"taxonomy":"category","embeddable":true,"href":"https:\/\/blogsaverroes.juntadeandalucia.es\/ceipcristodemena\/wp-json\/wp\/v2\/categories?post=2804"},{"taxonomy":"post_tag","embeddable":true,"href":"https:\/\/blogsaverroes.juntadeandalucia.es\/ceipcristodemena\/wp-json\/wp\/v2\/tags?post=2804"}],"curies":[{"name":"wp","href":"https:\/\/api.w.org\/{rel}","templated":true}]}}