{"id":2191,"date":"2018-11-19T09:59:00","date_gmt":"2018-11-19T09:59:00","guid":{"rendered":"https:\/\/blogsaverroes.juntadeandalucia.es\/ceipcristoreysanpablo\/2018\/11\/19\/celebracion-dia-del-flamenco\/"},"modified":"2020-04-25T23:13:19","modified_gmt":"2020-04-25T23:13:19","slug":"celebracion-dia-del-flamenco","status":"publish","type":"post","link":"https:\/\/blogsaverroes.juntadeandalucia.es\/ceipcristoreysanpablo\/2018\/11\/19\/celebracion-dia-del-flamenco\/","title":{"rendered":"CELEBRACI\u00d3N D\u00cdA DEL FLAMENCO"},"content":{"rendered":"<div style=\"text-align: center\"><\/div>\n<div style=\"text-align: justify\"><span style=\"font-size: large\">El alumnado de primaria disfrutaron de la visita a tres talleres; al cante, al toque y al baile.<\/span><\/div>\n<div style=\"text-align: justify\"><span style=\"font-size: large\">Realizado por el alumnado de 2\u00ba de ESO<\/span><\/div>\n<div style=\"text-align: justify\"><span style=\"font-size: large\"><br \/><\/span><\/div>\n<div style=\"text-align: justify\"><span style=\"font-size: large\">El alumnado de infantil asistieron a la representaci\u00f3n de un teatro, donde Camar\u00f3n, Paco de Luc\u00eda y Sara Baras toman vida de las manos del alumnado de 1\u00ba de ESO.<\/span><\/div>\n<div style=\"text-align: center\"><\/div>\n<div style=\"text-align: center\"><\/div>\n<div style=\"text-align: center\"><a data-flickr-embed=\"true\" href=\"https:\/\/www.flickr.com\/photos\/144015844@N07\/albums\/72157700420910112\" title=\"Celebraci\u00f3n D\u00eda del Flamenco\"><img loading=\"lazy\" decoding=\"async\" alt=\"Celebraci\u00f3n D\u00eda del Flamenco\" height=\"480\" src=\"https:\/\/farm5.staticflickr.com\/4843\/45182105604_8be0c64e69_z.jpg\" width=\"640\" \/><\/a><\/div>\n<div style=\"text-align: center\"><\/div>\n<div style=\"text-align: center\"><img loading=\"lazy\" decoding=\"async\" alt=\"Resultado de imagen de IMAGEN DE GITANOS DIBUJOS\" height=\"200\" src=\"https:\/\/encrypted-tbn0.gstatic.com\/images?q=tbn:ANd9GcQ6WKZZDVcb0hYKaoqENp9p0xqvwlsZYIGO0pcKGfdlSlDKnHAHqw\" width=\"141\" \/><\/div>\n","protected":false},"excerpt":{"rendered":"<p>El alumnado de primaria disfrutaron de la visita a tres talleres; al cante, al toque y al baile. Realizado por el alumnado de 2\u00ba de ESO El alumnado de infantil asistieron a la representaci\u00f3n de un teatro, donde Camar\u00f3n, Paco de Luc\u00eda y Sara Baras toman vida de las manos&#46;&#46;&#46;<\/p>\n","protected":false},"author":4315,"featured_media":0,"comment_status":"closed","ping_status":"open","sticky":false,"template":"","format":"standard","meta":{"ngg_post_thumbnail":0,"footnotes":""},"categories":[5991,25490],"tags":[464147],"aioseo_notices":[],"_links":{"self":[{"href":"https:\/\/blogsaverroes.juntadeandalucia.es\/ceipcristoreysanpablo\/wp-json\/wp\/v2\/posts\/2191"}],"collection":[{"href":"https:\/\/blogsaverroes.juntadeandalucia.es\/ceipcristoreysanpablo\/wp-json\/wp\/v2\/posts"}],"about":[{"href":"https:\/\/blogsaverroes.juntadeandalucia.es\/ceipcristoreysanpablo\/wp-json\/wp\/v2\/types\/post"}],"author":[{"embeddable":true,"href":"https:\/\/blogsaverroes.juntadeandalucia.es\/ceipcristoreysanpablo\/wp-json\/wp\/v2\/users\/4315"}],"replies":[{"embeddable":true,"href":"https:\/\/blogsaverroes.juntadeandalucia.es\/ceipcristoreysanpablo\/wp-json\/wp\/v2\/comments?post=2191"}],"version-history":[{"count":1,"href":"https:\/\/blogsaverroes.juntadeandalucia.es\/ceipcristoreysanpablo\/wp-json\/wp\/v2\/posts\/2191\/revisions"}],"predecessor-version":[{"id":2870,"href":"https:\/\/blogsaverroes.juntadeandalucia.es\/ceipcristoreysanpablo\/wp-json\/wp\/v2\/posts\/2191\/revisions\/2870"}],"wp:attachment":[{"href":"https:\/\/blogsaverroes.juntadeandalucia.es\/ceipcristoreysanpablo\/wp-json\/wp\/v2\/media?parent=2191"}],"wp:term":[{"taxonomy":"category","embeddable":true,"href":"https:\/\/blogsaverroes.juntadeandalucia.es\/ceipcristoreysanpablo\/wp-json\/wp\/v2\/categories?post=2191"},{"taxonomy":"post_tag","embeddable":true,"href":"https:\/\/blogsaverroes.juntadeandalucia.es\/ceipcristoreysanpablo\/wp-json\/wp\/v2\/tags?post=2191"}],"curies":[{"name":"wp","href":"https:\/\/api.w.org\/{rel}","templated":true}]}}