{"id":1128,"date":"2016-04-12T12:03:00","date_gmt":"2016-04-12T11:03:00","guid":{"rendered":""},"modified":"2022-12-06T22:32:19","modified_gmt":"2022-12-06T21:32:19","slug":"el-explorador-paco-acedo-visita-nuestro-colegio","status":"publish","type":"post","link":"https:\/\/blogsaverroes.juntadeandalucia.es\/ceipcronista\/el-explorador-paco-acedo-visita-nuestro-colegio\/","title":{"rendered":"El explorador Paco Acedo visita nuestro Colegio"},"content":{"rendered":"<p>El explorador, viajero y aventurero<a href=\"http:\/\/www.pacoacedo.es\/Paco_Acedo\/Inicio.html\" target=\"_blank\" rel=\"noopener noreferrer\"><b> Paco Acedo<\/b><\/a> visit\u00f3 nuestro colegio, del que es antiguo alumno, para <br \/>hablarnos de sus viajes, aventuras y nuevos proyectos.<\/p>\n<p><a href=\"https:\/\/www.dropbox.com\/sc\/sl7hlws2ldl0k97\/AACSD_49rgXnUYDp9Vz27ifta\" style=\"clear: right;float: right;margin-bottom: 1em;margin-left: 1em\" target=\"_blank\" rel=\"noopener noreferrer\"><img loading=\"lazy\" decoding=\"async\" alt=\"https:\/\/www.dropbox.com\/sc\/sl7hlws2ldl0k97\/AACSD_49rgXnUYDp9Vz27ifta\" border=\"0\" height=\"240\" src=\"https:\/\/blogsaverroes.juntadeandalucia.es\/ceipcronista\/files\/2016\/04\/P4110003-300x225.jpg\" width=\"320\" \/><\/a><i>\u00abDesde temprana edad su infancia est\u00e1 vinculada a los fondos marinos y el mar.<br \/>Durante toda la vida Paco ha sabido combinar de manera peculiar sus grandes pasiones: el buceo, la aventura, la naturaleza y la m\u00fasica. Durante a\u00f1os, compagin\u00f3 su faceta de m\u00fasico profesional llegando a trabajar para artistas de primera l\u00ednea como Miguel R\u00edos, Ariel Rot o Ramonc\u00edn, con su inquietud por explorar y conocer remotos lugares y culturas, teniendo en la adolescencia su primer contacto con entornos extremos en el profundo desierto del S\u00e1hara, experiencia que le marc\u00f3 profundamente.<br \/>Su carrera como m\u00fasico profesional le lleva a vivir a Nueva York, donde sufre muy de cerca el atentado a las Torres Gemelas en el 2001, acontecimiento tras el cual decide volver a su ciudad natal para reorientar su vida hacia lo que le hace sentir realmente vivo. Tras a\u00f1os trabajando como maestro para conseguir dinero suficiente, decide dejarlo todo, crear la primera escuela de buceo en C\u00f3rdoba y dedicarse exclusivamente y de manera profesional a la exploraci\u00f3n, la aventura y el deporte extremo.<br \/>A\u00f1os de experiencia y un extenso curr\u00edculum en expediciones \u00e1rticas y ant\u00e1rticas avalan su capacidad para llevar a cabo proyectos en los que el mundo submarino y las regiones polares se unen en expediciones sin precedentes.<br \/>Proyectos relacionados con el buceo y la exploraci\u00f3n han llevado a Paco a recorrer remotos lugares de todo el mundo,&nbsp; completando adem\u00e1s en el 2010 la primera \u201cVUELTA AL MUNDO <\/i><\/p>\n<div style=\"clear: both;text-align: center\"><i style=\"clear: left;float: left;margin-bottom: 1em;margin-right: 1em\"><img loading=\"lazy\" decoding=\"async\" border=\"0\" height=\"240\" src=\"https:\/\/blogsaverroes.juntadeandalucia.es\/ceipcronista\/files\/2016\/04\/P4110038-300x225.jpg\" width=\"320\" \/><\/i><\/div>\n<p><i>SUBMARINA\u201d; Una expedici\u00f3n realizada en solitario durante un a\u00f1o con gran repercusi\u00f3n nacional e internacional, durante la cual recorri\u00f3 buceando m\u00e1s de 12 pa\u00edses, incluyendo remotas regiones polares como la Ant\u00e1rtida.<br \/>Por otro lado en 2011\/12 complet\u00f3 el proyecto \u201cTESTIGOS DEL DESHIELO\u201d. Nuevamente una expedici\u00f3n en solitario recorriendo y explorando los fondos marinos de Groenlandia, Siberia y Svalbard, de la cual surgi\u00f3 el documental en el que mostraba la realidad de los \u00faltimos pobladores del \u00e1rtico ante el deshielo y el calentamiento global.<br \/>Durante 2014 culmina otro reto sin precedentes, \u201cCROSSING THE ICE\u201d una expedici\u00f3n en la que cruz\u00f3 el Mar B\u00e1ltico esquiando y buceando.<br \/>En 2014 fue elegido por la cadena Discovery Max como ganador del \u201cBorn To Be Discovery\u201d.<br \/>Actualmente dirige \u201c SUBPOLAR 90\u00b0 \u201d, una expedici\u00f3n avalada por la Sociedad Geogr\u00e1fica Espa\u00f1ola y que pretende alcanzar buceando el mismo eje de la tierra, el Polo Norte Geogr\u00e1fico.<br \/>Comunicador, conferenciante, escritor, productor de documentales, instructor profesional de buceo, embajador de valores y marcas. Actualmente Paco se dedica a tiempo completo al desarrollo de nuevos proyectos y la exploraci\u00f3n de las regiones m\u00e1s remotas del planeta.\u00bb<\/i><\/p>\n<div style=\"text-align: center\"><i>&nbsp;<\/i> <iframe loading=\"lazy\" frameborder=\"15\" height=\"540\" src=\"https:\/\/www.youtube.com\/embed\/MZKTTLeHqvw\" width=\"810\"><\/iframe><\/div>\n","protected":false},"excerpt":{"rendered":"<p>El explorador, viajero y aventurero Paco Acedo visit\u00f3 nuestro colegio, del que es antiguo alumno, para hablarnos de sus viajes, aventuras y nuevos proyectos. \u00abDesde temprana edad su infancia est\u00e1 vinculada a los fondos marinos y el mar.Durante toda la vida Paco ha sabido combinar de manera peculiar sus grandes pasiones: el buceo, la aventura, [&hellip;]<\/p>\n","protected":false},"author":8613,"featured_media":1069,"comment_status":"closed","ping_status":"open","sticky":false,"template":"","format":"standard","meta":{"_et_pb_use_builder":"","_et_pb_old_content":"","_et_gb_content_width":"","ngg_post_thumbnail":0,"footnotes":""},"categories":[3],"tags":[],"aioseo_notices":[],"_links":{"self":[{"href":"https:\/\/blogsaverroes.juntadeandalucia.es\/ceipcronista\/wp-json\/wp\/v2\/posts\/1128"}],"collection":[{"href":"https:\/\/blogsaverroes.juntadeandalucia.es\/ceipcronista\/wp-json\/wp\/v2\/posts"}],"about":[{"href":"https:\/\/blogsaverroes.juntadeandalucia.es\/ceipcronista\/wp-json\/wp\/v2\/types\/post"}],"author":[{"embeddable":true,"href":"https:\/\/blogsaverroes.juntadeandalucia.es\/ceipcronista\/wp-json\/wp\/v2\/users\/8613"}],"replies":[{"embeddable":true,"href":"https:\/\/blogsaverroes.juntadeandalucia.es\/ceipcronista\/wp-json\/wp\/v2\/comments?post=1128"}],"version-history":[{"count":2,"href":"https:\/\/blogsaverroes.juntadeandalucia.es\/ceipcronista\/wp-json\/wp\/v2\/posts\/1128\/revisions"}],"predecessor-version":[{"id":1402,"href":"https:\/\/blogsaverroes.juntadeandalucia.es\/ceipcronista\/wp-json\/wp\/v2\/posts\/1128\/revisions\/1402"}],"wp:featuredmedia":[{"embeddable":true,"href":"https:\/\/blogsaverroes.juntadeandalucia.es\/ceipcronista\/wp-json\/wp\/v2\/media\/1069"}],"wp:attachment":[{"href":"https:\/\/blogsaverroes.juntadeandalucia.es\/ceipcronista\/wp-json\/wp\/v2\/media?parent=1128"}],"wp:term":[{"taxonomy":"category","embeddable":true,"href":"https:\/\/blogsaverroes.juntadeandalucia.es\/ceipcronista\/wp-json\/wp\/v2\/categories?post=1128"},{"taxonomy":"post_tag","embeddable":true,"href":"https:\/\/blogsaverroes.juntadeandalucia.es\/ceipcronista\/wp-json\/wp\/v2\/tags?post=1128"}],"curies":[{"name":"wp","href":"https:\/\/api.w.org\/{rel}","templated":true}]}}