{"id":1171,"date":"2015-03-17T20:48:00","date_gmt":"2015-03-17T19:48:00","guid":{"rendered":""},"modified":"2023-01-28T00:07:03","modified_gmt":"2023-01-27T23:07:03","slug":"nuevas-canastas-de-baloncesto","status":"publish","type":"post","link":"https:\/\/blogsaverroes.juntadeandalucia.es\/ceipcronista\/nuevas-canastas-de-baloncesto\/","title":{"rendered":"Nuevas canastas de Baloncesto"},"content":{"rendered":"<p>El Centro inagura unas nuevas canastas donadas por ADDIPACOR para la mejora de las instalaciones.<br \/>El acto ha contado con la presencia del responsable de la secci\u00f3n de baloncesto, el secretario general de la Federaci\u00f3n Andaluza de Baloncesto,  el Director T\u00e9cnico y la Directora del Centro.<\/p>\n<div style=\"background-color: white;color: #222222;font-family: arial, sans-serif;font-size: 12.8000001907349px\"><\/div>\n<div style=\"clear: both;text-align: center\"><a href=\"https:\/\/blogsaverroes.juntadeandalucia.es\/ceipcronista\/files\/2015\/03\/Inaguraci-C3-B3n.jpg\" style=\"font-family: 'Times New Roman';font-size: medium;margin-left: 1em;margin-right: 1em;text-align: center\"><img loading=\"lazy\" decoding=\"async\" border=\"0\" src=\"https:\/\/blogsaverroes.juntadeandalucia.es\/ceipcronista\/files\/2015\/03\/Inaguraci-C3-B3n.jpg\" height=\"416\" width=\"640\" \/><\/a><\/div>\n<div style=\"background-color: white;color: #222222;font-family: arial, sans-serif;font-size: 12.8000001907349px\"><\/div>\n","protected":false},"excerpt":{"rendered":"<p>El Centro inagura unas nuevas canastas donadas por ADDIPACOR para la mejora de las instalaciones.El acto ha contado con la presencia del responsable de la secci\u00f3n de baloncesto, el secretario general de la Federaci\u00f3n Andaluza de Baloncesto, el Director T\u00e9cnico y la Directora del Centro.<\/p>\n","protected":false},"author":8613,"featured_media":1199,"comment_status":"closed","ping_status":"open","sticky":false,"template":"","format":"standard","meta":{"_et_pb_use_builder":"","_et_pb_old_content":"","_et_gb_content_width":"","ngg_post_thumbnail":0,"footnotes":""},"categories":[25],"tags":[],"aioseo_notices":[],"_links":{"self":[{"href":"https:\/\/blogsaverroes.juntadeandalucia.es\/ceipcronista\/wp-json\/wp\/v2\/posts\/1171"}],"collection":[{"href":"https:\/\/blogsaverroes.juntadeandalucia.es\/ceipcronista\/wp-json\/wp\/v2\/posts"}],"about":[{"href":"https:\/\/blogsaverroes.juntadeandalucia.es\/ceipcronista\/wp-json\/wp\/v2\/types\/post"}],"author":[{"embeddable":true,"href":"https:\/\/blogsaverroes.juntadeandalucia.es\/ceipcronista\/wp-json\/wp\/v2\/users\/8613"}],"replies":[{"embeddable":true,"href":"https:\/\/blogsaverroes.juntadeandalucia.es\/ceipcronista\/wp-json\/wp\/v2\/comments?post=1171"}],"version-history":[{"count":2,"href":"https:\/\/blogsaverroes.juntadeandalucia.es\/ceipcronista\/wp-json\/wp\/v2\/posts\/1171\/revisions"}],"predecessor-version":[{"id":1413,"href":"https:\/\/blogsaverroes.juntadeandalucia.es\/ceipcronista\/wp-json\/wp\/v2\/posts\/1171\/revisions\/1413"}],"wp:featuredmedia":[{"embeddable":true,"href":"https:\/\/blogsaverroes.juntadeandalucia.es\/ceipcronista\/wp-json\/wp\/v2\/media\/1199"}],"wp:attachment":[{"href":"https:\/\/blogsaverroes.juntadeandalucia.es\/ceipcronista\/wp-json\/wp\/v2\/media?parent=1171"}],"wp:term":[{"taxonomy":"category","embeddable":true,"href":"https:\/\/blogsaverroes.juntadeandalucia.es\/ceipcronista\/wp-json\/wp\/v2\/categories?post=1171"},{"taxonomy":"post_tag","embeddable":true,"href":"https:\/\/blogsaverroes.juntadeandalucia.es\/ceipcronista\/wp-json\/wp\/v2\/tags?post=1171"}],"curies":[{"name":"wp","href":"https:\/\/api.w.org\/{rel}","templated":true}]}}