{"id":2142,"date":"2023-02-06T08:45:27","date_gmt":"2023-02-06T07:45:27","guid":{"rendered":"https:\/\/blogsaverroes.juntadeandalucia.es\/ceipcronista\/?p=2142"},"modified":"2023-09-10T20:50:31","modified_gmt":"2023-09-10T19:50:31","slug":"dia-de-la-paz-23","status":"publish","type":"post","link":"https:\/\/blogsaverroes.juntadeandalucia.es\/ceipcronista\/dia-de-la-paz-23\/","title":{"rendered":"D\u00eda de la Paz 23"},"content":{"rendered":"<p>El pasado d\u00eda 30 de enero celebramos el \u00abD\u00eda de la Paz\u00bb en nuestro colegio. Entre otras actividades hemos organizado una carrera solidaria: \u00abKil\u00f3metros de Solidaridad\u00bb de la Organizaci\u00f3n \u00abSave the children\u00bb.<\/p>\n<p>La cantidad recaudada asciende a <span class=\"s1\"><strong>539\u201916 \u20acurazos!!!<\/strong> <\/span>Felicidades a todas y a todos por vuestra colaboraci\u00f3n.<\/p>\n<p>Aqu\u00ed pod\u00e9is ver las fotos del evento.<\/p>\nngg_shortcode_0_placeholder\n","protected":false},"excerpt":{"rendered":"<p>El pasado d\u00eda 30 de enero celebramos el \u00abD\u00eda de la Paz\u00bb en nuestro colegio. Entre otras actividades hemos organizado una carrera solidaria: \u00abKil\u00f3metros de Solidaridad\u00bb de la Organizaci\u00f3n \u00abSave the children\u00bb. La cantidad recaudada asciende a 539\u201916 \u20acurazos!!! Felicidades a todas y a todos por vuestra colaboraci\u00f3n. Aqu\u00ed pod\u00e9is ver las fotos del evento.<\/p>\n","protected":false},"author":2280,"featured_media":2222,"comment_status":"open","ping_status":"open","sticky":false,"template":"","format":"standard","meta":{"_et_pb_use_builder":"","_et_pb_old_content":"","_et_gb_content_width":"","ngg_post_thumbnail":0,"footnotes":""},"categories":[23],"tags":[29],"aioseo_notices":[],"_links":{"self":[{"href":"https:\/\/blogsaverroes.juntadeandalucia.es\/ceipcronista\/wp-json\/wp\/v2\/posts\/2142"}],"collection":[{"href":"https:\/\/blogsaverroes.juntadeandalucia.es\/ceipcronista\/wp-json\/wp\/v2\/posts"}],"about":[{"href":"https:\/\/blogsaverroes.juntadeandalucia.es\/ceipcronista\/wp-json\/wp\/v2\/types\/post"}],"author":[{"embeddable":true,"href":"https:\/\/blogsaverroes.juntadeandalucia.es\/ceipcronista\/wp-json\/wp\/v2\/users\/2280"}],"replies":[{"embeddable":true,"href":"https:\/\/blogsaverroes.juntadeandalucia.es\/ceipcronista\/wp-json\/wp\/v2\/comments?post=2142"}],"version-history":[{"count":6,"href":"https:\/\/blogsaverroes.juntadeandalucia.es\/ceipcronista\/wp-json\/wp\/v2\/posts\/2142\/revisions"}],"predecessor-version":[{"id":2221,"href":"https:\/\/blogsaverroes.juntadeandalucia.es\/ceipcronista\/wp-json\/wp\/v2\/posts\/2142\/revisions\/2221"}],"wp:featuredmedia":[{"embeddable":true,"href":"https:\/\/blogsaverroes.juntadeandalucia.es\/ceipcronista\/wp-json\/wp\/v2\/media\/2222"}],"wp:attachment":[{"href":"https:\/\/blogsaverroes.juntadeandalucia.es\/ceipcronista\/wp-json\/wp\/v2\/media?parent=2142"}],"wp:term":[{"taxonomy":"category","embeddable":true,"href":"https:\/\/blogsaverroes.juntadeandalucia.es\/ceipcronista\/wp-json\/wp\/v2\/categories?post=2142"},{"taxonomy":"post_tag","embeddable":true,"href":"https:\/\/blogsaverroes.juntadeandalucia.es\/ceipcronista\/wp-json\/wp\/v2\/tags?post=2142"}],"curies":[{"name":"wp","href":"https:\/\/api.w.org\/{rel}","templated":true}]}}