{"id":2273,"date":"2023-06-01T08:47:03","date_gmt":"2023-06-01T07:47:03","guid":{"rendered":"https:\/\/blogsaverroes.juntadeandalucia.es\/ceipcronista\/?p=2273"},"modified":"2023-09-03T18:25:31","modified_gmt":"2023-09-03T17:25:31","slug":"matricula-curso-23-24","status":"publish","type":"post","link":"https:\/\/blogsaverroes.juntadeandalucia.es\/ceipcronista\/matricula-curso-23-24\/","title":{"rendered":"Matr\u00edcula. Curso 23-24"},"content":{"rendered":"<p><span style=\"font-weight: 400\">Estimadas familias :&nbsp;<\/span><\/p>\n<p><span style=\"font-weight: 400\">Os recordamos que el periodo de <\/span><b>matriculaci\u00f3n tanto para el alumnado que ya&nbsp; est\u00e1 en el centro, como para el alumnado de nueva matr\u00edcula <\/b><span style=\"font-weight: 400\">para el curso&nbsp; 2023\/24 es del <\/span><b>1 al 8 de junio ambos inclusive<\/b><span style=\"font-weight: 400\">. Adem\u00e1s, durante este mismo&nbsp; periodo se realizar\u00e1 la inscripci\u00f3n a los servicios ofertados por el Plan familia&nbsp; (aula matinal, actividades extraescolares y comedor) para el pr\u00f3ximo curso. <\/span><\/p>\n<p>Os dejamos toda la informaci\u00f3n el el siguiente documento<\/p>\n<p style=\"text-align: center\"><a href=\"https:\/\/docs.google.com\/document\/d\/1M_npQpJ5BqFR1rAfH3B_ncQ5V-VO3kuQzjl8fXg8E7o\/edit?usp=sharing\"><span style=\"color: #333399;font-size: 18pt\"><strong>Circular de matr\u00edcula para el curso 23-24<\/strong><\/span><\/a><\/p>\n<p>&nbsp;<\/p>\n<p>&nbsp;<\/p>\n<p>&nbsp;<\/p>\n<p>&nbsp;<\/p>\n","protected":false},"excerpt":{"rendered":"<p>Estimadas familias :&nbsp; Os recordamos que el periodo de matriculaci\u00f3n tanto para el alumnado que ya&nbsp; est\u00e1 en el centro, como para el alumnado de nueva matr\u00edcula para el curso&nbsp; 2023\/24 es del 1 al 8 de junio ambos inclusive. Adem\u00e1s, durante este mismo&nbsp; periodo se realizar\u00e1 la inscripci\u00f3n a los servicios ofertados por el [&hellip;]<\/p>\n","protected":false},"author":2280,"featured_media":2281,"comment_status":"open","ping_status":"open","sticky":false,"template":"","format":"standard","meta":{"_et_pb_use_builder":"","_et_pb_old_content":"","_et_gb_content_width":"","ngg_post_thumbnail":0,"footnotes":""},"categories":[4],"tags":[],"aioseo_notices":[],"_links":{"self":[{"href":"https:\/\/blogsaverroes.juntadeandalucia.es\/ceipcronista\/wp-json\/wp\/v2\/posts\/2273"}],"collection":[{"href":"https:\/\/blogsaverroes.juntadeandalucia.es\/ceipcronista\/wp-json\/wp\/v2\/posts"}],"about":[{"href":"https:\/\/blogsaverroes.juntadeandalucia.es\/ceipcronista\/wp-json\/wp\/v2\/types\/post"}],"author":[{"embeddable":true,"href":"https:\/\/blogsaverroes.juntadeandalucia.es\/ceipcronista\/wp-json\/wp\/v2\/users\/2280"}],"replies":[{"embeddable":true,"href":"https:\/\/blogsaverroes.juntadeandalucia.es\/ceipcronista\/wp-json\/wp\/v2\/comments?post=2273"}],"version-history":[{"count":7,"href":"https:\/\/blogsaverroes.juntadeandalucia.es\/ceipcronista\/wp-json\/wp\/v2\/posts\/2273\/revisions"}],"predecessor-version":[{"id":2282,"href":"https:\/\/blogsaverroes.juntadeandalucia.es\/ceipcronista\/wp-json\/wp\/v2\/posts\/2273\/revisions\/2282"}],"wp:featuredmedia":[{"embeddable":true,"href":"https:\/\/blogsaverroes.juntadeandalucia.es\/ceipcronista\/wp-json\/wp\/v2\/media\/2281"}],"wp:attachment":[{"href":"https:\/\/blogsaverroes.juntadeandalucia.es\/ceipcronista\/wp-json\/wp\/v2\/media?parent=2273"}],"wp:term":[{"taxonomy":"category","embeddable":true,"href":"https:\/\/blogsaverroes.juntadeandalucia.es\/ceipcronista\/wp-json\/wp\/v2\/categories?post=2273"},{"taxonomy":"post_tag","embeddable":true,"href":"https:\/\/blogsaverroes.juntadeandalucia.es\/ceipcronista\/wp-json\/wp\/v2\/tags?post=2273"}],"curies":[{"name":"wp","href":"https:\/\/api.w.org\/{rel}","templated":true}]}}