{"id":5112,"date":"2021-11-21T22:25:47","date_gmt":"2021-11-21T22:25:47","guid":{"rendered":"https:\/\/blogsaverroes.juntadeandalucia.es\/ceipdocedeoctubre\/?p=5112"},"modified":"2025-11-19T12:13:31","modified_gmt":"2025-11-19T12:13:31","slug":"dia-universal-del-nino-2021","status":"publish","type":"post","link":"https:\/\/blogsaverroes.juntadeandalucia.es\/ceipdocedeoctubre\/2021\/11\/21\/dia-universal-del-nino-2021\/","title":{"rendered":"D\u00eda Universal del Ni\u00f1o 2021"},"content":{"rendered":"<p style=\"text-align: justify\"><a href=\"https:\/\/photos.app.goo.gl\/v7QNCCHidcm1BjsQ6\" target=\"_blank\" rel=\"noopener noreferrer\"><img loading=\"lazy\" decoding=\"async\" class=\"wp-image-5113 alignleft\" src=\"https:\/\/blogsaverroes.juntadeandalucia.es\/ceipdocedeoctubre\/files\/2021\/11\/D\u00eda-Universal-del-Ni\u00f1o.jpg\" alt=\"\" width=\"271\" height=\"147\" srcset=\"https:\/\/blogsaverroes.juntadeandalucia.es\/ceipdocedeoctubre\/files\/2021\/11\/D\u00eda-Universal-del-Ni\u00f1o.jpg 1600w, https:\/\/blogsaverroes.juntadeandalucia.es\/ceipdocedeoctubre\/files\/2021\/11\/D\u00eda-Universal-del-Ni\u00f1o-300x163.jpg 300w, https:\/\/blogsaverroes.juntadeandalucia.es\/ceipdocedeoctubre\/files\/2021\/11\/D\u00eda-Universal-del-Ni\u00f1o-1024x557.jpg 1024w, https:\/\/blogsaverroes.juntadeandalucia.es\/ceipdocedeoctubre\/files\/2021\/11\/D\u00eda-Universal-del-Ni\u00f1o-768x418.jpg 768w, https:\/\/blogsaverroes.juntadeandalucia.es\/ceipdocedeoctubre\/files\/2021\/11\/D\u00eda-Universal-del-Ni\u00f1o-1536x835.jpg 1536w\" sizes=\"(max-width: 271px) 100vw, 271px\" \/><\/a>El 20 de noviembre se celebra el D\u00eda Universal del Ni\u00f1o, un d\u00eda importante para la infancia por muchas razones, sobre todo porque trata de forjar un futuro mejor para todos los ni\u00f1os y ni\u00f1as del mundo.<br \/>\nEs una oportunidad para crear conciencia en las escuelas y en la sociedad en general que todos los ni\u00f1os y ni\u00f1as est\u00e9n&nbsp; protegidos, seguros, con salud y educaci\u00f3n, independientemente del lugar de su nacimiento o procedencia.<br \/>\nNuestro Cole, a trav\u00e9s de las compa\u00f1eras de Educaci\u00f3n Infantil se ha unido a esta celebraci\u00f3n, realizando numerosos juegos en los que el alumnado ha participado activamente.<\/p>\n<p style=\"text-align: justify\">Ha sido una jornada muy divertida.<\/p>\n","protected":false},"excerpt":{"rendered":"<p>El 20 de noviembre se celebra el D\u00eda Universal del Ni\u00f1o, un d\u00eda importante para la infancia por muchas razones,&#46;&#46;&#46;<\/p>\n","protected":false},"author":4236,"featured_media":5113,"comment_status":"closed","ping_status":"closed","sticky":false,"template":"","format":"standard","meta":{"ngg_post_thumbnail":0,"footnotes":""},"categories":[5991,2318349,19],"tags":[],"aioseo_notices":[],"_links":{"self":[{"href":"https:\/\/blogsaverroes.juntadeandalucia.es\/ceipdocedeoctubre\/wp-json\/wp\/v2\/posts\/5112"}],"collection":[{"href":"https:\/\/blogsaverroes.juntadeandalucia.es\/ceipdocedeoctubre\/wp-json\/wp\/v2\/posts"}],"about":[{"href":"https:\/\/blogsaverroes.juntadeandalucia.es\/ceipdocedeoctubre\/wp-json\/wp\/v2\/types\/post"}],"author":[{"embeddable":true,"href":"https:\/\/blogsaverroes.juntadeandalucia.es\/ceipdocedeoctubre\/wp-json\/wp\/v2\/users\/4236"}],"replies":[{"embeddable":true,"href":"https:\/\/blogsaverroes.juntadeandalucia.es\/ceipdocedeoctubre\/wp-json\/wp\/v2\/comments?post=5112"}],"version-history":[{"count":1,"href":"https:\/\/blogsaverroes.juntadeandalucia.es\/ceipdocedeoctubre\/wp-json\/wp\/v2\/posts\/5112\/revisions"}],"predecessor-version":[{"id":5114,"href":"https:\/\/blogsaverroes.juntadeandalucia.es\/ceipdocedeoctubre\/wp-json\/wp\/v2\/posts\/5112\/revisions\/5114"}],"wp:featuredmedia":[{"embeddable":true,"href":"https:\/\/blogsaverroes.juntadeandalucia.es\/ceipdocedeoctubre\/wp-json\/wp\/v2\/media\/5113"}],"wp:attachment":[{"href":"https:\/\/blogsaverroes.juntadeandalucia.es\/ceipdocedeoctubre\/wp-json\/wp\/v2\/media?parent=5112"}],"wp:term":[{"taxonomy":"category","embeddable":true,"href":"https:\/\/blogsaverroes.juntadeandalucia.es\/ceipdocedeoctubre\/wp-json\/wp\/v2\/categories?post=5112"},{"taxonomy":"post_tag","embeddable":true,"href":"https:\/\/blogsaverroes.juntadeandalucia.es\/ceipdocedeoctubre\/wp-json\/wp\/v2\/tags?post=5112"}],"curies":[{"name":"wp","href":"https:\/\/api.w.org\/{rel}","templated":true}]}}