{"id":5130,"date":"2021-12-03T16:21:40","date_gmt":"2021-12-03T16:21:40","guid":{"rendered":"https:\/\/blogsaverroes.juntadeandalucia.es\/ceipdocedeoctubre\/?p=5130"},"modified":"2025-11-19T13:26:40","modified_gmt":"2025-11-19T13:26:40","slug":"5130","status":"publish","type":"post","link":"https:\/\/blogsaverroes.juntadeandalucia.es\/ceipdocedeoctubre\/2021\/12\/03\/5130\/","title":{"rendered":"Buscamos nombre para el aula TEA"},"content":{"rendered":"<p style=\"text-align: justify\">El 3 de diciembre se celebra el D\u00eda Internacional de las Personas con Discapacidad, declarado en 1992 por la Asamblea General de las Naciones Unidas, con el objetivo de promover los derechos y el bienestar de las personas con discapacidad en todos los \u00e1mbitos de la sociedad, as\u00ed como concienciar sobre su situaci\u00f3n en todos los aspectos de la vida.<br \/>\nLa inclusi\u00f3n de la discapacidad es condici\u00f3n esencial para el respeto a los derechos humanos, el desarrollo sostenible, la paz y la seguridad. La crisis provocada por la pandemia de COVID-19 ha agravado las desigualdades existentes y ha puesto de manifiesto el grado de exclusi\u00f3n y la necesidad imperiosa de incluir a las personas con discapacidad.<br \/>\nNuestro centro se une a la celebraci\u00f3n de este d\u00eda y para ello lanzamos un v\u00eddeo protagonizado por los alumnos\/as del aula TEA con el que pretendemos darles visualizaci\u00f3n en toda al Comunidad Educativa.<br \/>\n\u00a1Todos y todas somos diferentes y eso precisamente es lo que nos hace \u00fanicos y especiales!.<\/p>\n<p style=\"text-align: justify\">(clic en la imagen para ver el v\u00eddeo)<\/p>\n<p><a href=\"https:\/\/drive.google.com\/file\/d\/157-dSFO3bUHPZUAvAp7ZXYDSIpqjpYc_\/view?usp=sharing\" target=\"_blank\" rel=\"noopener noreferrer\"><img loading=\"lazy\" decoding=\"async\" class=\"aligncenter wp-image-5131\" src=\"https:\/\/blogsaverroes.juntadeandalucia.es\/ceipdocedeoctubre\/files\/2021\/12\/aulateapresentacion.png\" alt=\"\" width=\"623\" height=\"350\" srcset=\"https:\/\/blogsaverroes.juntadeandalucia.es\/ceipdocedeoctubre\/files\/2021\/12\/aulateapresentacion.png 1280w, https:\/\/blogsaverroes.juntadeandalucia.es\/ceipdocedeoctubre\/files\/2021\/12\/aulateapresentacion-300x169.png 300w, https:\/\/blogsaverroes.juntadeandalucia.es\/ceipdocedeoctubre\/files\/2021\/12\/aulateapresentacion-1024x576.png 1024w, https:\/\/blogsaverroes.juntadeandalucia.es\/ceipdocedeoctubre\/files\/2021\/12\/aulateapresentacion-768x432.png 768w\" sizes=\"(max-width: 623px) 100vw, 623px\" \/><\/a><\/p>\n","protected":false},"excerpt":{"rendered":"<p>El 3 de diciembre se celebra el D\u00eda Internacional de las Personas con Discapacidad, declarado en 1992 por la Asamblea&#46;&#46;&#46;<\/p>\n","protected":false},"author":4236,"featured_media":5131,"comment_status":"closed","ping_status":"closed","sticky":false,"template":"","format":"standard","meta":{"ngg_post_thumbnail":0,"footnotes":""},"categories":[1696,2318349,19],"tags":[],"aioseo_notices":[],"_links":{"self":[{"href":"https:\/\/blogsaverroes.juntadeandalucia.es\/ceipdocedeoctubre\/wp-json\/wp\/v2\/posts\/5130"}],"collection":[{"href":"https:\/\/blogsaverroes.juntadeandalucia.es\/ceipdocedeoctubre\/wp-json\/wp\/v2\/posts"}],"about":[{"href":"https:\/\/blogsaverroes.juntadeandalucia.es\/ceipdocedeoctubre\/wp-json\/wp\/v2\/types\/post"}],"author":[{"embeddable":true,"href":"https:\/\/blogsaverroes.juntadeandalucia.es\/ceipdocedeoctubre\/wp-json\/wp\/v2\/users\/4236"}],"replies":[{"embeddable":true,"href":"https:\/\/blogsaverroes.juntadeandalucia.es\/ceipdocedeoctubre\/wp-json\/wp\/v2\/comments?post=5130"}],"version-history":[{"count":3,"href":"https:\/\/blogsaverroes.juntadeandalucia.es\/ceipdocedeoctubre\/wp-json\/wp\/v2\/posts\/5130\/revisions"}],"predecessor-version":[{"id":5134,"href":"https:\/\/blogsaverroes.juntadeandalucia.es\/ceipdocedeoctubre\/wp-json\/wp\/v2\/posts\/5130\/revisions\/5134"}],"wp:featuredmedia":[{"embeddable":true,"href":"https:\/\/blogsaverroes.juntadeandalucia.es\/ceipdocedeoctubre\/wp-json\/wp\/v2\/media\/5131"}],"wp:attachment":[{"href":"https:\/\/blogsaverroes.juntadeandalucia.es\/ceipdocedeoctubre\/wp-json\/wp\/v2\/media?parent=5130"}],"wp:term":[{"taxonomy":"category","embeddable":true,"href":"https:\/\/blogsaverroes.juntadeandalucia.es\/ceipdocedeoctubre\/wp-json\/wp\/v2\/categories?post=5130"},{"taxonomy":"post_tag","embeddable":true,"href":"https:\/\/blogsaverroes.juntadeandalucia.es\/ceipdocedeoctubre\/wp-json\/wp\/v2\/tags?post=5130"}],"curies":[{"name":"wp","href":"https:\/\/api.w.org\/{rel}","templated":true}]}}