{"id":5221,"date":"2022-02-03T20:00:52","date_gmt":"2022-02-03T20:00:52","guid":{"rendered":"https:\/\/blogsaverroes.juntadeandalucia.es\/ceipdocedeoctubre\/?p=5221"},"modified":"2023-02-27T10:07:03","modified_gmt":"2023-02-27T10:07:03","slug":"5221","status":"publish","type":"post","link":"https:\/\/blogsaverroes.juntadeandalucia.es\/ceipdocedeoctubre\/2022\/02\/03\/5221\/","title":{"rendered":"D\u00cdA DE LA PAZ 2021\/22"},"content":{"rendered":"<p style=\"text-align: justify\"><span style=\"font-weight: 400\"><a href=\"https:\/\/photos.app.goo.gl\/Ptn25UFE9C4bPBMt6\" target=\"_blank\" rel=\"noopener noreferrer\"><img loading=\"lazy\" decoding=\"async\" class=\" wp-image-5222 alignright\" src=\"https:\/\/blogsaverroes.juntadeandalucia.es\/ceipdocedeoctubre\/files\/2022\/02\/diapaz.jpg\" alt=\"\" width=\"280\" height=\"217\" srcset=\"https:\/\/blogsaverroes.juntadeandalucia.es\/ceipdocedeoctubre\/files\/2022\/02\/diapaz.jpg 363w, https:\/\/blogsaverroes.juntadeandalucia.es\/ceipdocedeoctubre\/files\/2022\/02\/diapaz-300x232.jpg 300w\" sizes=\"(max-width: 280px) 100vw, 280px\" \/><\/a>El pasado 28 de enero de 2022, nuestro Centro se uni\u00f3 a la celebraci\u00f3n del&nbsp; D\u00eda Escolar de la Paz y de la No Violencia.<\/span><\/p>\n<p style=\"text-align: justify\"><span style=\"font-weight: 400\">Desde el a\u00f1o 1964 se ha venido celebrando este d\u00eda cada 30 de enero.&nbsp;<\/span><\/p>\n<p style=\"text-align: justify\"><span style=\"font-weight: 400\">Se eligi\u00f3 esta fecha particular pues fue el d\u00eda que mataron a Mahatma Gandhi, l\u00edder nacionalista y espiritual de la India y la principal figura de resistencia en el mundo.&nbsp;<\/span><\/p>\n<p style=\"text-align: justify\"><span style=\"font-weight: 400\">La educaci\u00f3n en y para la tolerancia y la solidaridad, la concordia, el respeto a los Derechos Humanos, la no violencia y la paz son motivos para recordar el 30 de enero.&nbsp; (<a href=\"https:\/\/www.dermandar.com\/p\/boYlwL\" target=\"_blank\" rel=\"noopener noreferrer\">clic en este enlace para ver foto 360<\/a>)&nbsp;<\/span><\/p>\n<p style=\"text-align: justify\"><span style=\"font-weight: 400\">Pensamos que un entorno social equilibrado se logra buscando la resoluci\u00f3n de los conflictos de manera pac\u00edfica y el respeto por los Derechos Humanos Fundamentales.<\/span><\/p>\n<p style=\"text-align: justify\"><span style=\"font-weight: 400\">Nuestro colegio prepar\u00f3 una programaci\u00f3n especial, que tuvo lugar el 28 de enero al ser el 30 domingo.<\/span><\/p>\n<p style=\"text-align: justify\"><span style=\"font-weight: 400\">Los tutores\/as plantearon actividades a nivel de aula y a las 12 horas se celebr\u00f3 un acto conjunto en el patio.<\/span><\/p>\n<p style=\"text-align: justify\"><span style=\"font-weight: 400\">Se ley\u00f3 un manifiesto y varios poemas relacionados con la tem\u00e1tica de la paz. Posteriormente, hicimos un peque\u00f1o juego de palabras en el que los alumnos \/as adoptaban un gesto u otro dependiendo si la palabra estaba en consonancia con al paz o era opuesta a ella.&nbsp;<\/span><\/p>\n<p style=\"text-align: justify\"><span style=\"font-weight: 400\">La actividad que result\u00f3 novedosa y muy divertida fue la que titulamos <\/span><b><i>\u00a8Mi paloma es para ti\u00a8<\/i><\/b><span style=\"font-weight: 400\">. Previamente en las aulas los alumnos\/as hab\u00eda realizado el juego del amigo invisible y una paloma de papiroflexia. En el juego hab\u00edan conseguido un destinatario de su paloma y hab\u00edan&nbsp; escrito un mensaje de paz sobre ella. En el patio, hicieron entrega de la paloma al compa\u00f1ero\/a que le hab\u00eda tocado.&nbsp;<\/span><\/p>\n<p style=\"text-align: center\"><span style=\"font-weight: 400\">Porque una palabra<\/span><\/p>\n<p style=\"text-align: center\"><span style=\"font-weight: 400\">o un gesto pueden herir.&nbsp;<\/span><\/p>\n<p style=\"text-align: center\"><span style=\"font-weight: 400\">Porque una mirada de odio&nbsp;<\/span><\/p>\n<p style=\"text-align: center\"><span style=\"font-weight: 400\">puede atravesar la dermis&nbsp;<\/span><\/p>\n<p style=\"text-align: center\"><span style=\"font-weight: 400\">y desgarrar el coraz\u00f3n&nbsp;<\/span><\/p>\n<p style=\"text-align: center\"><span style=\"font-weight: 400\">que late al ritmo de su m\u00fasica.&nbsp;<\/span><\/p>\n<p style=\"text-align: center\"><span style=\"font-weight: 400\">Porque el rechazo caprichoso&nbsp;<\/span><\/p>\n<p style=\"text-align: center\"><span style=\"font-weight: 400\">a\u00edsla la autoestima&nbsp;<\/span><\/p>\n<p style=\"text-align: center\"><span style=\"font-weight: 400\">y debilita la mente.&nbsp;<\/span><\/p>\n<p style=\"text-align: center\"><span style=\"font-weight: 400\">Si no nos entendemos<\/span><\/p>\n<p style=\"text-align: center\"><span style=\"font-weight: 400\">&nbsp;entreguemos el dialogo a la palabra.&nbsp;<\/span><\/p>\n<p style=\"text-align: center\"><span style=\"font-weight: 400\">Si no compartimos la misma opini\u00f3n&nbsp;<\/span><\/p>\n<p style=\"text-align: center\"><span style=\"font-weight: 400\">dejemos que el respeto las una.&nbsp;<\/span><\/p>\n<p style=\"text-align: center\"><span style=\"font-weight: 400\">Es f\u00e1cil deshacerse de las estalactitas&nbsp;<\/span><\/p>\n<p style=\"text-align: center\"><span style=\"font-weight: 400\">que en el tiempo se construyeron gota a gota&nbsp;<\/span><\/p>\n<p style=\"text-align: center\"><span style=\"font-weight: 400\">con paciencia y esmero.&nbsp;<\/span><\/p>\n<p style=\"text-align: center\"><span style=\"font-weight: 400\">Tenemos el pensamiento como amigo,&nbsp;<\/span><\/p>\n<p style=\"text-align: center\"><span style=\"font-weight: 400\">&nbsp;la raz\u00f3n como bandera blanca de equilibrio.&nbsp;<\/span><\/p>\n<p style=\"text-align: center\"><span style=\"font-weight: 400\">Calma la vida con calma,&nbsp;<\/span><\/p>\n<p style=\"text-align: center\"><span style=\"font-weight: 400\">regala tu mejor sonrisa.&nbsp;<\/span><\/p>\n<p style=\"text-align: center\"><span style=\"font-weight: 400\">Ahora que nos secuestraron los abrazos&nbsp;<\/span><\/p>\n<p style=\"text-align: center\"><span style=\"font-weight: 400\">y damos los besos detr\u00e1s de un disfraz en la boca.&nbsp;<\/span><\/p>\n<p style=\"text-align: center\"><span style=\"font-weight: 400\">Ahora que el tacto es un sentido prohibido.&nbsp;<\/span><\/p>\n<p style=\"text-align: center\"><span style=\"font-weight: 400\">Ahora necesitamos m\u00e1s que nunca escucharnos.&nbsp;<\/span><\/p>\n<p style=\"text-align: center\"><span style=\"font-weight: 400\">JJR&nbsp;<\/span><\/p>\n","protected":false},"excerpt":{"rendered":"<p>El pasado 28 de enero de 2022, nuestro Centro se uni\u00f3 a la celebraci\u00f3n del&nbsp; D\u00eda Escolar de la Paz&#46;&#46;&#46;<\/p>\n","protected":false},"author":4236,"featured_media":5222,"comment_status":"closed","ping_status":"closed","sticky":false,"template":"","format":"standard","meta":{"ngg_post_thumbnail":0,"footnotes":""},"categories":[5991,19,2318326],"tags":[],"aioseo_notices":[],"_links":{"self":[{"href":"https:\/\/blogsaverroes.juntadeandalucia.es\/ceipdocedeoctubre\/wp-json\/wp\/v2\/posts\/5221"}],"collection":[{"href":"https:\/\/blogsaverroes.juntadeandalucia.es\/ceipdocedeoctubre\/wp-json\/wp\/v2\/posts"}],"about":[{"href":"https:\/\/blogsaverroes.juntadeandalucia.es\/ceipdocedeoctubre\/wp-json\/wp\/v2\/types\/post"}],"author":[{"embeddable":true,"href":"https:\/\/blogsaverroes.juntadeandalucia.es\/ceipdocedeoctubre\/wp-json\/wp\/v2\/users\/4236"}],"replies":[{"embeddable":true,"href":"https:\/\/blogsaverroes.juntadeandalucia.es\/ceipdocedeoctubre\/wp-json\/wp\/v2\/comments?post=5221"}],"version-history":[{"count":5,"href":"https:\/\/blogsaverroes.juntadeandalucia.es\/ceipdocedeoctubre\/wp-json\/wp\/v2\/posts\/5221\/revisions"}],"predecessor-version":[{"id":6264,"href":"https:\/\/blogsaverroes.juntadeandalucia.es\/ceipdocedeoctubre\/wp-json\/wp\/v2\/posts\/5221\/revisions\/6264"}],"wp:featuredmedia":[{"embeddable":true,"href":"https:\/\/blogsaverroes.juntadeandalucia.es\/ceipdocedeoctubre\/wp-json\/wp\/v2\/media\/5222"}],"wp:attachment":[{"href":"https:\/\/blogsaverroes.juntadeandalucia.es\/ceipdocedeoctubre\/wp-json\/wp\/v2\/media?parent=5221"}],"wp:term":[{"taxonomy":"category","embeddable":true,"href":"https:\/\/blogsaverroes.juntadeandalucia.es\/ceipdocedeoctubre\/wp-json\/wp\/v2\/categories?post=5221"},{"taxonomy":"post_tag","embeddable":true,"href":"https:\/\/blogsaverroes.juntadeandalucia.es\/ceipdocedeoctubre\/wp-json\/wp\/v2\/tags?post=5221"}],"curies":[{"name":"wp","href":"https:\/\/api.w.org\/{rel}","templated":true}]}}