{"id":5326,"date":"2022-02-24T16:24:15","date_gmt":"2022-02-24T16:24:15","guid":{"rendered":"https:\/\/blogsaverroes.juntadeandalucia.es\/ceipdocedeoctubre\/?p=5326"},"modified":"2022-02-24T16:24:49","modified_gmt":"2022-02-24T16:24:49","slug":"carnaval-2022","status":"publish","type":"post","link":"https:\/\/blogsaverroes.juntadeandalucia.es\/ceipdocedeoctubre\/2022\/02\/24\/carnaval-2022\/","title":{"rendered":"Carnaval 2022"},"content":{"rendered":"<h2>La AMPA y el alumnado se vuelcan con el carnaval.<\/h2>\n<p>El pasado viernes 18 de febrero el carnaval volvi\u00f3 por la puerta grande en nuestro colegio.<br \/>\n<a href=\"https:\/\/photos.app.goo.gl\/uWDAu9BREHi1FxqA7\" target=\"_blank\" rel=\"noopener noreferrer\"><img loading=\"lazy\" decoding=\"async\" class=\"wp-image-5327 alignleft\" src=\"https:\/\/blogsaverroes.juntadeandalucia.es\/ceipdocedeoctubre\/files\/2022\/02\/IMG-20220221-WA0011.jpg\" alt=\"\" width=\"329\" height=\"247\" srcset=\"https:\/\/blogsaverroes.juntadeandalucia.es\/ceipdocedeoctubre\/files\/2022\/02\/IMG-20220221-WA0011.jpg 1024w, https:\/\/blogsaverroes.juntadeandalucia.es\/ceipdocedeoctubre\/files\/2022\/02\/IMG-20220221-WA0011-300x225.jpg 300w, https:\/\/blogsaverroes.juntadeandalucia.es\/ceipdocedeoctubre\/files\/2022\/02\/IMG-20220221-WA0011-768x576.jpg 768w\" sizes=\"(max-width: 329px) 100vw, 329px\" \/><\/a>La pandemia y las restricciones que conllevaba hab\u00edan impedido la celebraci\u00f3n del carnaval en los cursos anteriores, por lo que la AMPA se propuso recuperarlo en el presente, con un profundo \u00e9xito. Hubo un desfile en el patio al ritmo de la m\u00fasica y premios para los disfraces ganadores. Los m\u00e1s peque\u00f1os de Infantil y TEA consiguieron un regalo en com\u00fan para el aula.<br \/>\nA todo el alumnado se les obsequi\u00f3 con una medalla por su participaci\u00f3n<br \/>\n\u00a1Felicidades a la AMPA una vez m\u00e1s!<\/p>\n<p>&nbsp;<\/p>\n","protected":false},"excerpt":{"rendered":"<p>La AMPA y el alumnado se vuelcan con el carnaval. El pasado viernes 18 de febrero el carnaval volvi\u00f3 por&#46;&#46;&#46;<\/p>\n","protected":false},"author":4236,"featured_media":5327,"comment_status":"closed","ping_status":"closed","sticky":false,"template":"","format":"standard","meta":{"ngg_post_thumbnail":0,"footnotes":""},"categories":[5991,19],"tags":[],"aioseo_notices":[],"_links":{"self":[{"href":"https:\/\/blogsaverroes.juntadeandalucia.es\/ceipdocedeoctubre\/wp-json\/wp\/v2\/posts\/5326"}],"collection":[{"href":"https:\/\/blogsaverroes.juntadeandalucia.es\/ceipdocedeoctubre\/wp-json\/wp\/v2\/posts"}],"about":[{"href":"https:\/\/blogsaverroes.juntadeandalucia.es\/ceipdocedeoctubre\/wp-json\/wp\/v2\/types\/post"}],"author":[{"embeddable":true,"href":"https:\/\/blogsaverroes.juntadeandalucia.es\/ceipdocedeoctubre\/wp-json\/wp\/v2\/users\/4236"}],"replies":[{"embeddable":true,"href":"https:\/\/blogsaverroes.juntadeandalucia.es\/ceipdocedeoctubre\/wp-json\/wp\/v2\/comments?post=5326"}],"version-history":[{"count":2,"href":"https:\/\/blogsaverroes.juntadeandalucia.es\/ceipdocedeoctubre\/wp-json\/wp\/v2\/posts\/5326\/revisions"}],"predecessor-version":[{"id":5329,"href":"https:\/\/blogsaverroes.juntadeandalucia.es\/ceipdocedeoctubre\/wp-json\/wp\/v2\/posts\/5326\/revisions\/5329"}],"wp:featuredmedia":[{"embeddable":true,"href":"https:\/\/blogsaverroes.juntadeandalucia.es\/ceipdocedeoctubre\/wp-json\/wp\/v2\/media\/5327"}],"wp:attachment":[{"href":"https:\/\/blogsaverroes.juntadeandalucia.es\/ceipdocedeoctubre\/wp-json\/wp\/v2\/media?parent=5326"}],"wp:term":[{"taxonomy":"category","embeddable":true,"href":"https:\/\/blogsaverroes.juntadeandalucia.es\/ceipdocedeoctubre\/wp-json\/wp\/v2\/categories?post=5326"},{"taxonomy":"post_tag","embeddable":true,"href":"https:\/\/blogsaverroes.juntadeandalucia.es\/ceipdocedeoctubre\/wp-json\/wp\/v2\/tags?post=5326"}],"curies":[{"name":"wp","href":"https:\/\/api.w.org\/{rel}","templated":true}]}}