{"id":6403,"date":"2023-03-15T19:34:43","date_gmt":"2023-03-15T19:34:43","guid":{"rendered":"https:\/\/blogsaverroes.juntadeandalucia.es\/ceipdocedeoctubre\/?p=6403"},"modified":"2023-03-15T22:08:49","modified_gmt":"2023-03-15T22:08:49","slug":"6403","status":"publish","type":"post","link":"https:\/\/blogsaverroes.juntadeandalucia.es\/ceipdocedeoctubre\/2023\/03\/15\/6403\/","title":{"rendered":"D\u00cdA DE LA MUJER"},"content":{"rendered":"<p><a href=\"https:\/\/photos.app.goo.gl\/7wggJ3ouW464UYw16\" target=\"_blank\" rel=\"noopener noreferrer\"><img loading=\"lazy\" decoding=\"async\" class=\"wp-image-6404 alignleft\" src=\"https:\/\/blogsaverroes.juntadeandalucia.es\/ceipdocedeoctubre\/files\/2023\/03\/diamujer.23.jpg\" alt=\"\" width=\"324\" height=\"300\" srcset=\"https:\/\/blogsaverroes.juntadeandalucia.es\/ceipdocedeoctubre\/files\/2023\/03\/diamujer.23.jpg 488w, https:\/\/blogsaverroes.juntadeandalucia.es\/ceipdocedeoctubre\/files\/2023\/03\/diamujer.23-300x278.jpg 300w\" sizes=\"(max-width: 324px) 100vw, 324px\" \/><\/a>El d\u00eda 8 de marzo fue otra jornada muy especial en el cole pues nos unimos a las celebraciones del D\u00eda Internacional de la mujer, en el que que se conmemora la lucha de las mujeres por su participaci\u00f3n en la sociedad y su desarrollo \u00edntegro como persona en igualdad con el hombre.<br \/>\nA nivel de aula se desarrollaron una serie de actividades de gran colorido y creatividad:<br \/>\n\u2022 El alumnado de Primer Ciclo realiz\u00f3 un trabajo sobre mujeres andaluzas de la historia.<br \/>\n\u2022 El de Segundo Ciclo llev\u00f3 a cabo una investigaci\u00f3n sobre mujeres STEAM que posteriormente se plasmaron en un mural.<br \/>\n\u2022 Por su parte, los alumnos y alumnas de Tercer Ciclo realizaron un mural con frases c\u00e9lebres de mujeres escritas sobre cartulina.<br \/>\nEl broche de la oro de la jornada lo puso el grupo de teatro de la AMPA, que escenific\u00f3 en varias sesiones una representaci\u00f3n teatral sobre mujeres andaluzas que inspiran a lo largo de la historia en distintos \u00e1mbitos: cultural, deportivo, literario, etc.<\/p>\n<p>(clic en imagen para ver fotos)<\/p>\n","protected":false},"excerpt":{"rendered":"<p>El d\u00eda 8 de marzo fue otra jornada muy especial en el cole pues nos unimos a las celebraciones del&#46;&#46;&#46;<\/p>\n","protected":false},"author":4236,"featured_media":6404,"comment_status":"closed","ping_status":"closed","sticky":false,"template":"","format":"standard","meta":{"ngg_post_thumbnail":0,"footnotes":""},"categories":[5991,19],"tags":[],"aioseo_notices":[],"_links":{"self":[{"href":"https:\/\/blogsaverroes.juntadeandalucia.es\/ceipdocedeoctubre\/wp-json\/wp\/v2\/posts\/6403"}],"collection":[{"href":"https:\/\/blogsaverroes.juntadeandalucia.es\/ceipdocedeoctubre\/wp-json\/wp\/v2\/posts"}],"about":[{"href":"https:\/\/blogsaverroes.juntadeandalucia.es\/ceipdocedeoctubre\/wp-json\/wp\/v2\/types\/post"}],"author":[{"embeddable":true,"href":"https:\/\/blogsaverroes.juntadeandalucia.es\/ceipdocedeoctubre\/wp-json\/wp\/v2\/users\/4236"}],"replies":[{"embeddable":true,"href":"https:\/\/blogsaverroes.juntadeandalucia.es\/ceipdocedeoctubre\/wp-json\/wp\/v2\/comments?post=6403"}],"version-history":[{"count":3,"href":"https:\/\/blogsaverroes.juntadeandalucia.es\/ceipdocedeoctubre\/wp-json\/wp\/v2\/posts\/6403\/revisions"}],"predecessor-version":[{"id":6408,"href":"https:\/\/blogsaverroes.juntadeandalucia.es\/ceipdocedeoctubre\/wp-json\/wp\/v2\/posts\/6403\/revisions\/6408"}],"wp:featuredmedia":[{"embeddable":true,"href":"https:\/\/blogsaverroes.juntadeandalucia.es\/ceipdocedeoctubre\/wp-json\/wp\/v2\/media\/6404"}],"wp:attachment":[{"href":"https:\/\/blogsaverroes.juntadeandalucia.es\/ceipdocedeoctubre\/wp-json\/wp\/v2\/media?parent=6403"}],"wp:term":[{"taxonomy":"category","embeddable":true,"href":"https:\/\/blogsaverroes.juntadeandalucia.es\/ceipdocedeoctubre\/wp-json\/wp\/v2\/categories?post=6403"},{"taxonomy":"post_tag","embeddable":true,"href":"https:\/\/blogsaverroes.juntadeandalucia.es\/ceipdocedeoctubre\/wp-json\/wp\/v2\/tags?post=6403"}],"curies":[{"name":"wp","href":"https:\/\/api.w.org\/{rel}","templated":true}]}}