{"id":7215,"date":"2024-04-04T21:39:59","date_gmt":"2024-04-04T21:39:59","guid":{"rendered":"https:\/\/blogsaverroes.juntadeandalucia.es\/ceipdocedeoctubre\/?p=7215"},"modified":"2024-04-19T09:30:36","modified_gmt":"2024-04-19T09:30:36","slug":"celebramos-la-semana-santa","status":"publish","type":"post","link":"https:\/\/blogsaverroes.juntadeandalucia.es\/ceipdocedeoctubre\/2024\/04\/04\/celebramos-la-semana-santa\/","title":{"rendered":"\u00a1CELEBRAMOS LA SEMANA SANTA!"},"content":{"rendered":"<p>&nbsp;<\/p>\n<table style=\"height: 425px;width: 100%;border-collapse: collapse\" border=\"1\">\n<tbody>\n<tr style=\"height: 96px\">\n<td style=\"height: 96px;width: 85.2022%\" colspan=\"5\">\n<h1 style=\"text-align: center\"><span style=\"color: #cc99ff\"><strong>ACTIVIDADES DE SEMANA SANTA<\/strong><\/span><\/h1>\n<\/td>\n<\/tr>\n<tr style=\"height: 66px\">\n<td style=\"width: 85.2022%;height: 66px\" colspan=\"5\">\n<h1 style=\"text-align: center\"><em><strong><span style=\"color: #cc99ff\">El CEIP Doce de Octubre siempre con nuestras tradiciones.<\/span><\/strong><\/em><\/h1>\n<\/td>\n<\/tr>\n<tr style=\"height: 476px\">\n<td style=\"width: 27.458%;height: 10px\">\n<p style=\"text-align: justify\">Desde el \u00e1rea de religi\u00f3n se han realizado varias actividades relacionadas con la Semana Santa, desde un rinc\u00f3n cofrade hasta nuestra II Exposici\u00f3n de pasos de Semana Santa en miniatura realizados por nuestro alumnado, y que se ha situado en el pasillo de entrada del colegio, para que tod@s puedan admirarlos. Todo un derroche de imaginaci\u00f3n y creatividad.<\/p>\n<p>&nbsp;<\/p>\n<p><a href=\"https:\/\/blogsaverroes.juntadeandalucia.es\/ceipdocedeoctubre\/files\/2024\/04\/VID-20240402-WA0048.mp4\" target=\"_blank\" rel=\"noopener noreferrer\"><img loading=\"lazy\" decoding=\"async\" class=\"wp-image-7263 aligncenter\" style=\"text-align: start\" src=\"https:\/\/blogsaverroes.juntadeandalucia.es\/ceipdocedeoctubre\/files\/2024\/04\/videocsemanasanta24.png\" alt=\"\" width=\"372\" height=\"224\" srcset=\"https:\/\/blogsaverroes.juntadeandalucia.es\/ceipdocedeoctubre\/files\/2024\/04\/videocsemanasanta24.png 689w, https:\/\/blogsaverroes.juntadeandalucia.es\/ceipdocedeoctubre\/files\/2024\/04\/videocsemanasanta24-300x180.png 300w\" sizes=\"(max-width: 372px) 100vw, 372px\" \/><\/a><\/td>\n<td style=\"width: 2.20464%;height: 10px\">&nbsp;<\/td>\n<td style=\"width: 25.8992%;text-align: justify;height: 10px\">Al mismo tiempo, el alumnado de 2o y 3o de Primaria asisti\u00f3 a la procesi\u00f3n de Semana Santa organizada por nuestro cole vecino Reyes Cat\u00f3licos, por las inmediaciones del barrio. L@s peques han disfrutado mucho la experiencia cofrade a unos d\u00edas de que las procesiones tomen las calles de nuestra ciudad.<\/p>\n<p>&nbsp;<\/p>\n<p>&nbsp;<\/p>\n<p><a href=\"https:\/\/photos.app.goo.gl\/c2ot3e1quCAkjQtm7\" target=\"_blank\" rel=\"noopener noreferrer\"><img loading=\"lazy\" decoding=\"async\" class=\"wp-image-7225 aligncenter\" src=\"https:\/\/blogsaverroes.juntadeandalucia.es\/ceipdocedeoctubre\/files\/2024\/04\/semasan24_3.jpg\" alt=\"\" width=\"274\" height=\"154\" srcset=\"https:\/\/blogsaverroes.juntadeandalucia.es\/ceipdocedeoctubre\/files\/2024\/04\/semasan24_3.jpg 1600w, https:\/\/blogsaverroes.juntadeandalucia.es\/ceipdocedeoctubre\/files\/2024\/04\/semasan24_3-300x169.jpg 300w, https:\/\/blogsaverroes.juntadeandalucia.es\/ceipdocedeoctubre\/files\/2024\/04\/semasan24_3-1024x577.jpg 1024w, https:\/\/blogsaverroes.juntadeandalucia.es\/ceipdocedeoctubre\/files\/2024\/04\/semasan24_3-768x432.jpg 768w, https:\/\/blogsaverroes.juntadeandalucia.es\/ceipdocedeoctubre\/files\/2024\/04\/semasan24_3-1536x865.jpg 1536w\" sizes=\"(max-width: 274px) 100vw, 274px\" \/><\/a><\/td>\n<td style=\"width: 1.87062%;height: 10px\">&nbsp;<\/td>\n<td style=\"width: 27.7697%;height: 10px\">\n<p style=\"text-align: justify\">Por su parte, el alumnado de 6o de Primaria interpret\u00f3 en el \u00e1rea de M\u00fasica, La Saeta, versi\u00f3n del poema de Antonio Machado del mismo nombre, llenando de sones cofrades nuestro cole. \u00a1Enhorabuena a nuestr@s peque\u00f1@s m\u00fasicos! y gracias a la se\u00f1o Eva por dirigir tan maravillosa interpretaci\u00f3n.<\/p>\n<p>&nbsp;<\/p>\n<p>&nbsp;<\/p>\n<p><a href=\"https:\/\/blogsaverroes.juntadeandalucia.es\/ceipdocedeoctubre\/files\/2024\/04\/VID-20240408-WA0013.mp4\" target=\"_blank\" rel=\"noopener noreferrer\"><img loading=\"lazy\" decoding=\"async\" class=\"wp-image-7254 aligncenter\" src=\"https:\/\/blogsaverroes.juntadeandalucia.es\/ceipdocedeoctubre\/files\/2024\/04\/videoclasemusica24.png\" alt=\"\" width=\"372\" height=\"219\" srcset=\"https:\/\/blogsaverroes.juntadeandalucia.es\/ceipdocedeoctubre\/files\/2024\/04\/videoclasemusica24.png 708w, https:\/\/blogsaverroes.juntadeandalucia.es\/ceipdocedeoctubre\/files\/2024\/04\/videoclasemusica24-300x176.png 300w\" sizes=\"(max-width: 372px) 100vw, 372px\" \/><\/a><\/td>\n<\/tr>\n<\/tbody>\n<\/table>\n<p>&nbsp;<\/p>\n<p>&nbsp;<\/p>\n<p>&nbsp;<\/p>\n<p>&nbsp;<\/p>\n<p>&nbsp;<\/p>\n<p>&nbsp;<\/p>\n<p>&nbsp;<\/p>\n<p>&nbsp;<\/p>\n<p>&nbsp;<\/p>\n<p>&nbsp;<\/p>\n<p>&nbsp;<\/p>\n<p>\u00a1Feliz Semana Santa a tod@s!<\/p>\n","protected":false},"excerpt":{"rendered":"<p>&nbsp; ACTIVIDADES DE SEMANA SANTA El CEIP Doce de Octubre siempre con nuestras tradiciones. Desde el \u00e1rea de religi\u00f3n se&#46;&#46;&#46;<\/p>\n","protected":false},"author":4236,"featured_media":7225,"comment_status":"closed","ping_status":"closed","sticky":false,"template":"","format":"standard","meta":{"ngg_post_thumbnail":0,"footnotes":""},"categories":[5991,19],"tags":[],"aioseo_notices":[],"_links":{"self":[{"href":"https:\/\/blogsaverroes.juntadeandalucia.es\/ceipdocedeoctubre\/wp-json\/wp\/v2\/posts\/7215"}],"collection":[{"href":"https:\/\/blogsaverroes.juntadeandalucia.es\/ceipdocedeoctubre\/wp-json\/wp\/v2\/posts"}],"about":[{"href":"https:\/\/blogsaverroes.juntadeandalucia.es\/ceipdocedeoctubre\/wp-json\/wp\/v2\/types\/post"}],"author":[{"embeddable":true,"href":"https:\/\/blogsaverroes.juntadeandalucia.es\/ceipdocedeoctubre\/wp-json\/wp\/v2\/users\/4236"}],"replies":[{"embeddable":true,"href":"https:\/\/blogsaverroes.juntadeandalucia.es\/ceipdocedeoctubre\/wp-json\/wp\/v2\/comments?post=7215"}],"version-history":[{"count":43,"href":"https:\/\/blogsaverroes.juntadeandalucia.es\/ceipdocedeoctubre\/wp-json\/wp\/v2\/posts\/7215\/revisions"}],"predecessor-version":[{"id":7299,"href":"https:\/\/blogsaverroes.juntadeandalucia.es\/ceipdocedeoctubre\/wp-json\/wp\/v2\/posts\/7215\/revisions\/7299"}],"wp:featuredmedia":[{"embeddable":true,"href":"https:\/\/blogsaverroes.juntadeandalucia.es\/ceipdocedeoctubre\/wp-json\/wp\/v2\/media\/7225"}],"wp:attachment":[{"href":"https:\/\/blogsaverroes.juntadeandalucia.es\/ceipdocedeoctubre\/wp-json\/wp\/v2\/media?parent=7215"}],"wp:term":[{"taxonomy":"category","embeddable":true,"href":"https:\/\/blogsaverroes.juntadeandalucia.es\/ceipdocedeoctubre\/wp-json\/wp\/v2\/categories?post=7215"},{"taxonomy":"post_tag","embeddable":true,"href":"https:\/\/blogsaverroes.juntadeandalucia.es\/ceipdocedeoctubre\/wp-json\/wp\/v2\/tags?post=7215"}],"curies":[{"name":"wp","href":"https:\/\/api.w.org\/{rel}","templated":true}]}}