{"id":7441,"date":"2024-06-26T07:59:06","date_gmt":"2024-06-26T07:59:06","guid":{"rendered":"https:\/\/blogsaverroes.juntadeandalucia.es\/ceipdocedeoctubre\/?p=7441"},"modified":"2024-06-26T08:00:04","modified_gmt":"2024-06-26T08:00:04","slug":"recolectamos-en-nuestro-huerto","status":"publish","type":"post","link":"https:\/\/blogsaverroes.juntadeandalucia.es\/ceipdocedeoctubre\/2024\/06\/26\/recolectamos-en-nuestro-huerto\/","title":{"rendered":"RECOLECTAMOS EN NUESTRO HUERTO"},"content":{"rendered":"<p style=\"text-align: justify\"><a href=\"https:\/\/photos.app.goo.gl\/4QFgka5JujU8qJHo6\" target=\"_blank\" rel=\"noopener\"><img loading=\"lazy\" decoding=\"async\" class=\"wp-image-7442 alignleft\" src=\"https:\/\/blogsaverroes.juntadeandalucia.es\/ceipdocedeoctubre\/files\/2024\/06\/huerto2324.jpg\" alt=\"\" width=\"254\" height=\"143\" srcset=\"https:\/\/blogsaverroes.juntadeandalucia.es\/ceipdocedeoctubre\/files\/2024\/06\/huerto2324.jpg 1600w, https:\/\/blogsaverroes.juntadeandalucia.es\/ceipdocedeoctubre\/files\/2024\/06\/huerto2324-300x169.jpg 300w, https:\/\/blogsaverroes.juntadeandalucia.es\/ceipdocedeoctubre\/files\/2024\/06\/huerto2324-1024x576.jpg 1024w, https:\/\/blogsaverroes.juntadeandalucia.es\/ceipdocedeoctubre\/files\/2024\/06\/huerto2324-768x432.jpg 768w, https:\/\/blogsaverroes.juntadeandalucia.es\/ceipdocedeoctubre\/files\/2024\/06\/huerto2324-1536x864.jpg 1536w\" sizes=\"(max-width: 254px) 100vw, 254px\" \/><\/a>Un curso m\u00e1s nuestro cole se adhiri\u00f3 al Programa Aldea de Educaci\u00f3n Ambiental para la sostenibilidad, y dentro de \u00e9ste en \u00e1mbito de Huertos Escolares, englobados en el Programa CIMA dentro de la L\u00ednea de Actuaci\u00f3n \u201cPara la Transformaci\u00f3n hacia entornos m\u00e1s sostenibles y saludables\u201d.<\/p>\n<p style=\"text-align: justify\">Durante el mes de marzo sembramos con la colaboraci\u00f3n de la AMPA variadas hortalizas y verduras. Los ni\u00f1os y ni\u00f1a disfrutaron mucho con la siembra. Meses despu\u00e9s nuestro alumnado recolect\u00f3 lechugas y otras de las plantas que han ido creciendo en el huerto. De esta forma, el alumnado se convierte en protagonista de su propio aprendizaje adem\u00e1s de aprender disfrutando al aire libre.<br \/>\nTambi\u00e9n y en esta l\u00ednea, el alumnado de 1\u00ba de Primaria ha culminado con \u00e9xito el proyecto Margarita mi plantita. Han trabajado las partes de las plantas, lo que necesitan para vivir, el ciclo de la vida y los tipos de plantas. Al finalizar han hecho un m\u00edni herbolario y han recogido las macecitas que ellos han plantado, regado y cuidado.<br \/>\nNuestro centro siempre apostando por la sostenibilidad ambiental.<\/p>\n<p>&nbsp;<\/p>\n","protected":false},"excerpt":{"rendered":"<p>Un curso m\u00e1s nuestro cole se adhiri\u00f3 al Programa Aldea de Educaci\u00f3n Ambiental para la sostenibilidad, y dentro de \u00e9ste&#46;&#46;&#46;<\/p>\n","protected":false},"author":4236,"featured_media":7442,"comment_status":"closed","ping_status":"closed","sticky":false,"template":"","format":"standard","meta":{"ngg_post_thumbnail":0,"footnotes":""},"categories":[5991,2318308],"tags":[],"aioseo_notices":[],"_links":{"self":[{"href":"https:\/\/blogsaverroes.juntadeandalucia.es\/ceipdocedeoctubre\/wp-json\/wp\/v2\/posts\/7441"}],"collection":[{"href":"https:\/\/blogsaverroes.juntadeandalucia.es\/ceipdocedeoctubre\/wp-json\/wp\/v2\/posts"}],"about":[{"href":"https:\/\/blogsaverroes.juntadeandalucia.es\/ceipdocedeoctubre\/wp-json\/wp\/v2\/types\/post"}],"author":[{"embeddable":true,"href":"https:\/\/blogsaverroes.juntadeandalucia.es\/ceipdocedeoctubre\/wp-json\/wp\/v2\/users\/4236"}],"replies":[{"embeddable":true,"href":"https:\/\/blogsaverroes.juntadeandalucia.es\/ceipdocedeoctubre\/wp-json\/wp\/v2\/comments?post=7441"}],"version-history":[{"count":3,"href":"https:\/\/blogsaverroes.juntadeandalucia.es\/ceipdocedeoctubre\/wp-json\/wp\/v2\/posts\/7441\/revisions"}],"predecessor-version":[{"id":7445,"href":"https:\/\/blogsaverroes.juntadeandalucia.es\/ceipdocedeoctubre\/wp-json\/wp\/v2\/posts\/7441\/revisions\/7445"}],"wp:featuredmedia":[{"embeddable":true,"href":"https:\/\/blogsaverroes.juntadeandalucia.es\/ceipdocedeoctubre\/wp-json\/wp\/v2\/media\/7442"}],"wp:attachment":[{"href":"https:\/\/blogsaverroes.juntadeandalucia.es\/ceipdocedeoctubre\/wp-json\/wp\/v2\/media?parent=7441"}],"wp:term":[{"taxonomy":"category","embeddable":true,"href":"https:\/\/blogsaverroes.juntadeandalucia.es\/ceipdocedeoctubre\/wp-json\/wp\/v2\/categories?post=7441"},{"taxonomy":"post_tag","embeddable":true,"href":"https:\/\/blogsaverroes.juntadeandalucia.es\/ceipdocedeoctubre\/wp-json\/wp\/v2\/tags?post=7441"}],"curies":[{"name":"wp","href":"https:\/\/api.w.org\/{rel}","templated":true}]}}