{"id":7685,"date":"2025-01-13T19:40:56","date_gmt":"2025-01-13T19:40:56","guid":{"rendered":"https:\/\/blogsaverroes.juntadeandalucia.es\/ceipdocedeoctubre\/?p=7685"},"modified":"2025-01-13T19:40:56","modified_gmt":"2025-01-13T19:40:56","slug":"plan-director-24-25","status":"publish","type":"post","link":"https:\/\/blogsaverroes.juntadeandalucia.es\/ceipdocedeoctubre\/2025\/01\/13\/plan-director-24-25\/","title":{"rendered":"PLAN DIRECTOR 24\/25"},"content":{"rendered":"<p><span style=\"font-weight: 400\">Esta semana<\/span><span style=\"font-weight: 400\"> el alumnado de 6\u00ba Primaria ha recibido una charla enmarcada en el Plan Director (al que se adhiere cada curso nuestro colegio), impartida por el Inspector de Polic\u00eda Jos\u00e9 Luis C\u00f3rdoba Esteban y la Polic\u00eda Nacional Juliana Rom\u00e1n Meride\u00f1o sobre la prevenci\u00f3n de riesgos asociados a las nuevas tecnolog\u00edas para sensibilizar y orientar al alumnado sobre comportamientos que puedan derivar en acciones delictivas y violentas y evitar el riesgo de convertirse en v\u00edctimas de determinados delitos relacionados con Internet.<\/span><\/p>\n<p><span style=\"font-weight: 400\">El alumnado de 5\u00ba Primaria tambi\u00e9n la recibi\u00f3 el pasado mes de noviembre.<\/span><\/p>\n<p><span style=\"font-weight: 400\">El Plan Director persigue prevenir riesgos qur afecten a la seguridad y el bienestar de los menores en el colegio y su entorno.<\/span><\/p>\n<p><span style=\"font-weight: 400\">La charla como en anteriores ocasiones ha sido muy did\u00e1ctica y amena&nbsp; <\/span><\/p>\n<p><a href=\"https:\/\/blogsaverroes.juntadeandalucia.es\/ceipdocedeoctubre\/files\/2025\/01\/PlanDirector_1.jpg\"><img loading=\"lazy\" decoding=\"async\" class=\"aligncenter  wp-image-7686\" src=\"https:\/\/blogsaverroes.juntadeandalucia.es\/ceipdocedeoctubre\/files\/2025\/01\/PlanDirector_1.jpg\" alt=\"\" width=\"340\" height=\"151\" srcset=\"https:\/\/blogsaverroes.juntadeandalucia.es\/ceipdocedeoctubre\/files\/2025\/01\/PlanDirector_1.jpg 979w, https:\/\/blogsaverroes.juntadeandalucia.es\/ceipdocedeoctubre\/files\/2025\/01\/PlanDirector_1-300x133.jpg 300w, https:\/\/blogsaverroes.juntadeandalucia.es\/ceipdocedeoctubre\/files\/2025\/01\/PlanDirector_1-768x341.jpg 768w\" sizes=\"(max-width: 340px) 100vw, 340px\" \/><\/a><\/p>\nngg_shortcode_0_placeholder\n","protected":false},"excerpt":{"rendered":"<p>Esta semana el alumnado de 6\u00ba Primaria ha recibido una charla enmarcada en el Plan Director (al que se adhiere&#46;&#46;&#46;<\/p>\n","protected":false},"author":4236,"featured_media":7686,"comment_status":"closed","ping_status":"closed","sticky":false,"template":"","format":"standard","meta":{"ngg_post_thumbnail":0,"footnotes":""},"categories":[5991],"tags":[],"aioseo_notices":[],"_links":{"self":[{"href":"https:\/\/blogsaverroes.juntadeandalucia.es\/ceipdocedeoctubre\/wp-json\/wp\/v2\/posts\/7685"}],"collection":[{"href":"https:\/\/blogsaverroes.juntadeandalucia.es\/ceipdocedeoctubre\/wp-json\/wp\/v2\/posts"}],"about":[{"href":"https:\/\/blogsaverroes.juntadeandalucia.es\/ceipdocedeoctubre\/wp-json\/wp\/v2\/types\/post"}],"author":[{"embeddable":true,"href":"https:\/\/blogsaverroes.juntadeandalucia.es\/ceipdocedeoctubre\/wp-json\/wp\/v2\/users\/4236"}],"replies":[{"embeddable":true,"href":"https:\/\/blogsaverroes.juntadeandalucia.es\/ceipdocedeoctubre\/wp-json\/wp\/v2\/comments?post=7685"}],"version-history":[{"count":2,"href":"https:\/\/blogsaverroes.juntadeandalucia.es\/ceipdocedeoctubre\/wp-json\/wp\/v2\/posts\/7685\/revisions"}],"predecessor-version":[{"id":7695,"href":"https:\/\/blogsaverroes.juntadeandalucia.es\/ceipdocedeoctubre\/wp-json\/wp\/v2\/posts\/7685\/revisions\/7695"}],"wp:featuredmedia":[{"embeddable":true,"href":"https:\/\/blogsaverroes.juntadeandalucia.es\/ceipdocedeoctubre\/wp-json\/wp\/v2\/media\/7686"}],"wp:attachment":[{"href":"https:\/\/blogsaverroes.juntadeandalucia.es\/ceipdocedeoctubre\/wp-json\/wp\/v2\/media?parent=7685"}],"wp:term":[{"taxonomy":"category","embeddable":true,"href":"https:\/\/blogsaverroes.juntadeandalucia.es\/ceipdocedeoctubre\/wp-json\/wp\/v2\/categories?post=7685"},{"taxonomy":"post_tag","embeddable":true,"href":"https:\/\/blogsaverroes.juntadeandalucia.es\/ceipdocedeoctubre\/wp-json\/wp\/v2\/tags?post=7685"}],"curies":[{"name":"wp","href":"https:\/\/api.w.org\/{rel}","templated":true}]}}