{"id":7793,"date":"2025-02-07T17:32:03","date_gmt":"2025-02-07T17:32:03","guid":{"rendered":"https:\/\/blogsaverroes.juntadeandalucia.es\/ceipdocedeoctubre\/?p=7793"},"modified":"2025-02-07T17:32:51","modified_gmt":"2025-02-07T17:32:51","slug":"celebracion-del-dia-escolar-de-la-paz-y-la-no-violencia","status":"publish","type":"post","link":"https:\/\/blogsaverroes.juntadeandalucia.es\/ceipdocedeoctubre\/2025\/02\/07\/celebracion-del-dia-escolar-de-la-paz-y-la-no-violencia\/","title":{"rendered":"CELEBRACI\u00d3N DEL D\u00cdA ESCOLAR DE LA PAZ Y LA NO VIOLENCIA"},"content":{"rendered":"<p>El pasado 30 de enero celebramos el D\u00eda Internacional de la Paz y la No Violencia con una serie de actividades.<\/p>\n<p><img loading=\"lazy\" decoding=\"async\" class=\" wp-image-7794 alignright\" src=\"https:\/\/blogsaverroes.juntadeandalucia.es\/ceipdocedeoctubre\/files\/2025\/02\/Cartel-paz.png\" alt=\"\" width=\"320\" height=\"452\" srcset=\"https:\/\/blogsaverroes.juntadeandalucia.es\/ceipdocedeoctubre\/files\/2025\/02\/Cartel-paz.png 596w, https:\/\/blogsaverroes.juntadeandalucia.es\/ceipdocedeoctubre\/files\/2025\/02\/Cartel-paz-212x300.png 212w\" sizes=\"(max-width: 320px) 100vw, 320px\" \/><\/p>\n<p>En primer lu gar realizamos un mural presidido por el s\u00edmbolo de la paz en el que cada alumno ha colocado una estrella con un mensaje de paz, bajo el lema <strong>\u201cMientras queden estrellas en el cielo, podemos seguir pidiendo deseos\u201d<\/strong><\/p>\n<p>Tambi\u00e9n hemos creado el abecedario de la paz, escribiendo cada curso varias palabras que tengan relaci\u00f3n con la paz.<\/p>\n<p>Y para que que participe toda la Comunidad Educativa hemos abierto un paddle en el que las familias han dejado sus mensajes de paz y que despu\u00e9s ser\u00e1n le\u00eddos en clase.&nbsp;<\/p>\n<p><a href=\"https:\/\/padlet.com\/sarmpoy909_\/mientras-queden-estrellas-podemos-seguir-pidiendo-deseos-9li0cy726840tiw0\/slideshow\" target=\"_blank\" rel=\"noopener\">https:\/\/padlet.com\/sarmpoy909_\/mientras-queden-estrellas-podemos-seguir-pidiendo-deseos-9li0cy726840tiw0\/slideshow<\/a><\/p>\n<p>Y como acto final, en el patio se han entregado los diplomas de la paz a un ni\u00f1o y ni\u00f1a de cada clase para reconocerle su esfuerzo en la mejora de la convivencia y hemos cantado \u00a1Feliz! de Fanny Lu.<\/p>\n<p>\u00a1Gracias a todos por la organizaci\u00f3n y en especial a la AMPA 1492!<\/p>\n<p>ngg_shortcode_0_placeholder<a href=\"https:\/\/photos.app.goo.gl\/nFHvwiGMwr8qsuGf9\" target=\"_blank\" rel=\"noopener\"><img loading=\"lazy\" decoding=\"async\" class=\"aligncenter wp-image-7573\" src=\"https:\/\/blogsaverroes.juntadeandalucia.es\/ceipdocedeoctubre\/files\/2025\/01\/web-colegio-CEIP-DOCE-DE-OCTUBRE.jpg\" alt=\"\" width=\"140\" height=\"80\" srcset=\"https:\/\/blogsaverroes.juntadeandalucia.es\/ceipdocedeoctubre\/files\/2025\/01\/web-colegio-CEIP-DOCE-DE-OCTUBRE.jpg 713w, https:\/\/blogsaverroes.juntadeandalucia.es\/ceipdocedeoctubre\/files\/2025\/01\/web-colegio-CEIP-DOCE-DE-OCTUBRE-300x171.jpg 300w\" sizes=\"(max-width: 140px) 100vw, 140px\" \/><\/a><\/p>\n","protected":false},"excerpt":{"rendered":"<p>El pasado 30 de enero celebramos el D\u00eda Internacional de la Paz y la No Violencia con una serie de&#46;&#46;&#46;<\/p>\n","protected":false},"author":4236,"featured_media":7794,"comment_status":"closed","ping_status":"closed","sticky":false,"template":"","format":"standard","meta":{"ngg_post_thumbnail":0,"footnotes":""},"categories":[5991,1696,2318326],"tags":[],"aioseo_notices":[],"_links":{"self":[{"href":"https:\/\/blogsaverroes.juntadeandalucia.es\/ceipdocedeoctubre\/wp-json\/wp\/v2\/posts\/7793"}],"collection":[{"href":"https:\/\/blogsaverroes.juntadeandalucia.es\/ceipdocedeoctubre\/wp-json\/wp\/v2\/posts"}],"about":[{"href":"https:\/\/blogsaverroes.juntadeandalucia.es\/ceipdocedeoctubre\/wp-json\/wp\/v2\/types\/post"}],"author":[{"embeddable":true,"href":"https:\/\/blogsaverroes.juntadeandalucia.es\/ceipdocedeoctubre\/wp-json\/wp\/v2\/users\/4236"}],"replies":[{"embeddable":true,"href":"https:\/\/blogsaverroes.juntadeandalucia.es\/ceipdocedeoctubre\/wp-json\/wp\/v2\/comments?post=7793"}],"version-history":[{"count":1,"href":"https:\/\/blogsaverroes.juntadeandalucia.es\/ceipdocedeoctubre\/wp-json\/wp\/v2\/posts\/7793\/revisions"}],"predecessor-version":[{"id":7835,"href":"https:\/\/blogsaverroes.juntadeandalucia.es\/ceipdocedeoctubre\/wp-json\/wp\/v2\/posts\/7793\/revisions\/7835"}],"wp:featuredmedia":[{"embeddable":true,"href":"https:\/\/blogsaverroes.juntadeandalucia.es\/ceipdocedeoctubre\/wp-json\/wp\/v2\/media\/7794"}],"wp:attachment":[{"href":"https:\/\/blogsaverroes.juntadeandalucia.es\/ceipdocedeoctubre\/wp-json\/wp\/v2\/media?parent=7793"}],"wp:term":[{"taxonomy":"category","embeddable":true,"href":"https:\/\/blogsaverroes.juntadeandalucia.es\/ceipdocedeoctubre\/wp-json\/wp\/v2\/categories?post=7793"},{"taxonomy":"post_tag","embeddable":true,"href":"https:\/\/blogsaverroes.juntadeandalucia.es\/ceipdocedeoctubre\/wp-json\/wp\/v2\/tags?post=7793"}],"curies":[{"name":"wp","href":"https:\/\/api.w.org\/{rel}","templated":true}]}}