{"id":8557,"date":"2025-10-19T10:40:15","date_gmt":"2025-10-19T10:40:15","guid":{"rendered":"https:\/\/blogsaverroes.juntadeandalucia.es\/ceipdocedeoctubre\/?p=8557"},"modified":"2025-10-19T15:42:04","modified_gmt":"2025-10-19T15:42:04","slug":"8557","status":"publish","type":"post","link":"https:\/\/blogsaverroes.juntadeandalucia.es\/ceipdocedeoctubre\/2025\/10\/19\/8557\/","title":{"rendered":"Nos visita Andr\u00e9s Espuelas"},"content":{"rendered":"<p style=\"text-align: justify\">El 7 de octubre tuvimos el placer de recibir en el cole al ilustrador Andr\u00e9s Espuelas, quien comparti\u00f3 con nosotros su vida, experiencias y trayectoria profesional.<\/p>\n<p style=\"text-align: justify\">Durante su visita nos ha contado c\u00f3mo surgi\u00f3 su pasi\u00f3n por el dibujo, los retos y aprendizaje que ha encontrado en su camino y c\u00f3mo ha convertido su talento en una forma de expresi\u00f3n y trabajo.<\/p>\n<p style=\"text-align: justify\">Los alumn@s de 4\u00ba y 5\u00ba de Primaria han disfrutado mucho escuchando sus an\u00e9cdotas, sus consejos y sobre todo con sus ilustraciones, que inspiran a seguir creando y so\u00f1ando. El artista ha hecho entrega al colegio del dibujo que ha realizado in situ que recoge nuestra esencia<\/p>\n<p style=\"text-align: justify\">\u00a1Muchas gracias Andr\u00e9s, por tu generosidad y por habernos regalado una jornada llena de arte, creatividad y motivaci\u00f3n!<\/p>\n<p>ngg_shortcode_0_placeholder<div style=\"width: 720px;\" class=\"wp-video\"><!--[if lt IE 9]><script>document.createElement('video');<\/script><![endif]-->\n<video class=\"wp-video-shortcode\" id=\"video-8557-1\" width=\"720\" height=\"1280\" preload=\"metadata\" controls=\"controls\"><source type=\"video\/mp4\" src=\"https:\/\/blogsaverroes.juntadeandalucia.es\/ceipdocedeoctubre\/files\/2025\/10\/Video.mp4?_=1\" \/><a href=\"https:\/\/blogsaverroes.juntadeandalucia.es\/ceipdocedeoctubre\/files\/2025\/10\/Video.mp4\">https:\/\/blogsaverroes.juntadeandalucia.es\/ceipdocedeoctubre\/files\/2025\/10\/Video.mp4<\/a><\/video><\/div><\/p>\n","protected":false},"excerpt":{"rendered":"<p>El 7 de octubre tuvimos el placer de recibir en el cole al ilustrador Andr\u00e9s Espuelas, quien comparti\u00f3 con nosotros&#46;&#46;&#46;<\/p>\n","protected":false},"author":4236,"featured_media":8583,"comment_status":"closed","ping_status":"closed","sticky":false,"template":"","format":"standard","meta":{"ngg_post_thumbnail":0,"footnotes":""},"categories":[5991],"tags":[],"aioseo_notices":[],"_links":{"self":[{"href":"https:\/\/blogsaverroes.juntadeandalucia.es\/ceipdocedeoctubre\/wp-json\/wp\/v2\/posts\/8557"}],"collection":[{"href":"https:\/\/blogsaverroes.juntadeandalucia.es\/ceipdocedeoctubre\/wp-json\/wp\/v2\/posts"}],"about":[{"href":"https:\/\/blogsaverroes.juntadeandalucia.es\/ceipdocedeoctubre\/wp-json\/wp\/v2\/types\/post"}],"author":[{"embeddable":true,"href":"https:\/\/blogsaverroes.juntadeandalucia.es\/ceipdocedeoctubre\/wp-json\/wp\/v2\/users\/4236"}],"replies":[{"embeddable":true,"href":"https:\/\/blogsaverroes.juntadeandalucia.es\/ceipdocedeoctubre\/wp-json\/wp\/v2\/comments?post=8557"}],"version-history":[{"count":2,"href":"https:\/\/blogsaverroes.juntadeandalucia.es\/ceipdocedeoctubre\/wp-json\/wp\/v2\/posts\/8557\/revisions"}],"predecessor-version":[{"id":8585,"href":"https:\/\/blogsaverroes.juntadeandalucia.es\/ceipdocedeoctubre\/wp-json\/wp\/v2\/posts\/8557\/revisions\/8585"}],"wp:featuredmedia":[{"embeddable":true,"href":"https:\/\/blogsaverroes.juntadeandalucia.es\/ceipdocedeoctubre\/wp-json\/wp\/v2\/media\/8583"}],"wp:attachment":[{"href":"https:\/\/blogsaverroes.juntadeandalucia.es\/ceipdocedeoctubre\/wp-json\/wp\/v2\/media?parent=8557"}],"wp:term":[{"taxonomy":"category","embeddable":true,"href":"https:\/\/blogsaverroes.juntadeandalucia.es\/ceipdocedeoctubre\/wp-json\/wp\/v2\/categories?post=8557"},{"taxonomy":"post_tag","embeddable":true,"href":"https:\/\/blogsaverroes.juntadeandalucia.es\/ceipdocedeoctubre\/wp-json\/wp\/v2\/tags?post=8557"}],"curies":[{"name":"wp","href":"https:\/\/api.w.org\/{rel}","templated":true}]}}