{"id":2505,"date":"2022-09-14T20:07:23","date_gmt":"2022-09-14T20:07:23","guid":{"rendered":"https:\/\/blogsaverroes.juntadeandalucia.es\/ceipdoctorflemingjodar\/?p=2505"},"modified":"2022-09-14T21:28:02","modified_gmt":"2022-09-14T21:28:02","slug":"curso-2022-2023","status":"publish","type":"post","link":"https:\/\/blogsaverroes.juntadeandalucia.es\/ceipdoctorflemingjodar\/curso-2022-2023\/","title":{"rendered":"CURSO 2022-2023. CALENDARIO ESCOLAR"},"content":{"rendered":"<div id=\"post-body-5475382958941700131\" class=\"post-body entry-content\">\n<div>&nbsp;<\/div>\n<div class=\"separator\"><a href=\"https:\/\/blogger.googleusercontent.com\/img\/b\/R29vZ2xl\/AVvXsEh6a2kY5S9vJYsTVROXVAvjB9yAT91PfWQ3aiQXzGeVtLiFHuECirFaA1Qj3cSt2iLIH8-w2818XII_5b4xWvRiK_DCYbd23qS-VPIVbAOA_XgPocpTA-m0gm-ebLV_mR5O-O7-M7FIJw6F-W2fqU40Jd4sjGzfv7SsoatAIEdOLjUE33UXCnmbWJNMIg\/s688\/REGRESO%20COLCE.png\"><img loading=\"lazy\" decoding=\"async\" class=\"aligncenter\" src=\"https:\/\/blogger.googleusercontent.com\/img\/b\/R29vZ2xl\/AVvXsEh6a2kY5S9vJYsTVROXVAvjB9yAT91PfWQ3aiQXzGeVtLiFHuECirFaA1Qj3cSt2iLIH8-w2818XII_5b4xWvRiK_DCYbd23qS-VPIVbAOA_XgPocpTA-m0gm-ebLV_mR5O-O7-M7FIJw6F-W2fqU40Jd4sjGzfv7SsoatAIEdOLjUE33UXCnmbWJNMIg\/s320\/REGRESO%20COLCE.png\" width=\"320\" height=\"187\" border=\"0\" data-original-height=\"401\" data-original-width=\"688\"><\/a><\/div>\n<div>&nbsp;<\/div>\n<div class=\"separator\" style=\"text-align: center\"><span style=\"text-decoration: underline\"><strong>SALUDA DE LA DIRECTORA<\/strong><\/span><\/div>\n<\/div>\n<div>&nbsp;<\/div>\n<div id=\"post-body-5475382958941700131\" class=\"post-body entry-content\">\n<div class=\"separator\">Queridas familias,<\/div>\n<div class=\"separator\">&nbsp;<\/div>\n<div class=\"separator\">El verano ha pasado y, casi sin darnos cuenta, comienza un nuevo curso escolar&#8230;<\/div>\n<div class=\"separator\">&nbsp;<\/div>\n<div class=\"separator\">Este a\u00f1o, la&nbsp;<i><b>principal novedad<\/b><\/i>&nbsp;es la&nbsp;<i>vuelta a la normalidad<\/i>&nbsp;anterior a la aparici\u00f3n de ese virus maldito que nos oblig\u00f3 a cambiar nuestras vidas. Confiamos en que s\u00f3lo sea un mal recuerdo.<\/div>\n<div class=\"separator\">&nbsp;<\/div>\n<div class=\"separator\">Otra novedad viene motivada&nbsp; por los cambios normativos que la&nbsp;<b><i>nueva ley de educaci\u00f3n (LOMLOE)<\/i><\/b>&nbsp;supone, tanto para el profesorado como para el alumnado y las familias.<\/div>\n<div class=\"separator\">&nbsp;<\/div>\n<div class=\"separator\">Este nuevo curso viene tan&nbsp;<i>cargado de ilusi\u00f3n&nbsp;<\/i>como las mochilas de vuestros hijos e hijas.<\/div>\n<div class=\"separator\">&nbsp;<\/div>\n<div class=\"separator\">Es para m\u00ed una gran responsabilidad y un&nbsp; gran honor dirigir este colegio por segundo a\u00f1o, acompa\u00f1ada por&nbsp;<i><b>un gran equipo docente&nbsp;<\/b><\/i>que est\u00e1 m\u00e1s que preparado para ofrecer a nuestro alumnado una&nbsp;<i>educaci\u00f3n de calidad y en valores, y un compromiso con nuestro entorno,&nbsp;<\/i>procurando un ambiente<b>&nbsp;c\u00f3modo y seguro q<\/b>ue favorezca en todo momento su <b><i>bienestar emocional.<\/i><\/b><\/div>\n<div class=\"separator\">&nbsp;<\/div>\n<div class=\"separator\">Un a\u00f1o m\u00e1s pedimos vuestro&nbsp;<i><b>apoyo y colaboraci\u00f3n,<\/b><\/i>&nbsp;tanto desde casa como en el centro, para trabajar codo a codo con los maestros y maestras, siendo como sois&nbsp;<i><b>parte fundamental de nuestra comunidad educativa.&nbsp;<\/b><\/i><\/div>\n<div class=\"separator\">&nbsp;<\/div>\n<div class=\"separator\">Por nuestra parte, n<i><b>uestro centro siempre estar\u00e1 abier<\/b><\/i><b>to<\/b>&nbsp;para atender las dudas, sugerencias y demandas de nuestras familias.<\/div>\n<div class=\"separator\">&nbsp;<\/div>\n<div class=\"separator\">En nombre de&nbsp;<b><i>todo el personal del CEIP Doctor Fleming <\/i><\/b>damos&nbsp;la bienvenida a toda la comunidad educativa , y os deseamos&nbsp;<b><i>un buen inicio de curso.<\/i><\/b><\/div>\n<div class=\"separator\">&nbsp;<\/div>\n<div class=\"separator\">&nbsp;<\/div>\n<div class=\"separator\">&nbsp;Un cordial saludo<\/div>\n<div class=\"separator\">&nbsp;<\/div>\n<div class=\"separator\">Rosal\u00eda Ruiz. Directora del centro.<\/div>\n<\/div>\n<div>&nbsp;<\/div>\n<div>&nbsp;<\/div>\n<div style=\"text-align: center\"><a href=\"https:\/\/blogsaverroes.juntadeandalucia.es\/ceipdoctorflemingjodar\/files\/2022\/09\/felliz-vuelta-al-cole.png\"><img loading=\"lazy\" decoding=\"async\" class=\"alignnone size-medium wp-image-2537\" src=\"https:\/\/blogsaverroes.juntadeandalucia.es\/ceipdoctorflemingjodar\/files\/2022\/09\/felliz-vuelta-al-cole-300x221.png\" alt=\"\" width=\"300\" height=\"221\" srcset=\"https:\/\/blogsaverroes.juntadeandalucia.es\/ceipdoctorflemingjodar\/files\/2022\/09\/felliz-vuelta-al-cole-300x221.png 300w, https:\/\/blogsaverroes.juntadeandalucia.es\/ceipdoctorflemingjodar\/files\/2022\/09\/felliz-vuelta-al-cole.png 547w\" sizes=\"(max-width: 300px) 100vw, 300px\" \/><\/a><\/div>\n<div>\n<p><strong>CALENDARIO ESCOLAR<\/strong><\/p>\n<p style=\"text-align: center\"><a href=\"https:\/\/blogsaverroes.juntadeandalucia.es\/ceipdoctorflemingjodar\/files\/2022\/09\/Calendario-escolar-Ja\u00e9n-2022-23.jpg\"><img loading=\"lazy\" decoding=\"async\" class=\"alignnone size-medium wp-image-2535\" src=\"https:\/\/blogsaverroes.juntadeandalucia.es\/ceipdoctorflemingjodar\/files\/2022\/09\/Calendario-escolar-Ja\u00e9n-2022-23-197x300.jpg\" alt=\"\" width=\"197\" height=\"300\" srcset=\"https:\/\/blogsaverroes.juntadeandalucia.es\/ceipdoctorflemingjodar\/files\/2022\/09\/Calendario-escolar-Ja\u00e9n-2022-23-197x300.jpg 197w, https:\/\/blogsaverroes.juntadeandalucia.es\/ceipdoctorflemingjodar\/files\/2022\/09\/Calendario-escolar-Ja\u00e9n-2022-23-673x1024.jpg 673w, https:\/\/blogsaverroes.juntadeandalucia.es\/ceipdoctorflemingjodar\/files\/2022\/09\/Calendario-escolar-Ja\u00e9n-2022-23-768x1169.jpg 768w, https:\/\/blogsaverroes.juntadeandalucia.es\/ceipdoctorflemingjodar\/files\/2022\/09\/Calendario-escolar-Ja\u00e9n-2022-23-1009x1536.jpg 1009w, https:\/\/blogsaverroes.juntadeandalucia.es\/ceipdoctorflemingjodar\/files\/2022\/09\/Calendario-escolar-Ja\u00e9n-2022-23.jpg 1051w\" sizes=\"(max-width: 197px) 100vw, 197px\" \/><\/a><\/p>\n<p>&nbsp;<\/p>\n<p style=\"font-weight: 400\"><strong>&nbsp; &nbsp; &nbsp; &nbsp; &nbsp; &nbsp; &nbsp;<\/strong><u><strong>Periodos vacacionales y festivos<\/strong><\/u><\/p>\n<ul style=\"font-weight: 400\">\n<li>Las vacaciones de&nbsp;<u>Navidad<\/u>&nbsp;estar\u00e1n comprendidas entre los&nbsp;<u>d\u00edas 23 de diciembre de 2022 y el 8 de enero de 2023, ambos inclusive.<\/u><\/li>\n<\/ul>\n<ul style=\"font-weight: 400\">\n<li>&nbsp;Las vacaciones de&nbsp;<u>Semana Santa<\/u>&nbsp;estar\u00e1n comprendidas entre los d\u00edas&nbsp;<u>3 de abril al 9 de abril de 2023,&nbsp;<\/u>ambos inclusive.<\/li>\n<\/ul>\n<ul style=\"font-weight: 400\">\n<li>&nbsp;<u><strong>D\u00edas festivos:<\/strong><\/u><\/li>\n<\/ul>\n<ul>\n<li style=\"font-weight: 400\">12 de octubre de 2022: Fiesta Nacional<\/li>\n<li style=\"font-weight: 400\">1 de noviembre de 2022: Festividad de Todos los Santos.<\/li>\n<li style=\"font-weight: 400\">6 de diciembre de 2022: D\u00eda de la Constituci\u00f3n.<\/li>\n<li style=\"font-weight: 400\">8 de diciembre de 2022: D\u00eda de la Inmaculada.<\/li>\n<li style=\"font-weight: 400\">28 de febrero de 2023: D\u00eda de Andaluc\u00eda.<\/li>\n<li style=\"font-weight: 400\">1 de mayo de 2023: D\u00eda del Trabajo.<\/li>\n<\/ul>\n<ul style=\"font-weight: 400\">\n<li>El&nbsp;<u>d\u00eda de la Comunidad Educativa<\/u>&nbsp;queda determinado para la provincia de Ja\u00e9n el&nbsp;<u>27 de febrero de 2023.<\/u><\/li>\n<\/ul>\n<ul style=\"font-weight: 400\">\n<li><strong><u>&nbsp;Fiestas locales:<\/u><\/strong><\/li>\n<\/ul>\n<p style=\"font-weight: 400\"><em><strong><u>1<\/u><\/strong><\/em><u><em><strong>4 de septiembre y 3 de mayo<\/strong><\/em>&nbsp;<\/u>(Fiestas de Se\u00f1or de la Misericordia) y&nbsp;<em><strong><u>15 de mayo<\/u>&nbsp;<\/strong><\/em>(Romer\u00eda)<\/p>\n<\/div>\n<div>&nbsp;<\/div>\n","protected":false},"excerpt":{"rendered":"<p>&nbsp; &nbsp; SALUDA DE LA DIRECTORA &nbsp; Queridas familias, &nbsp; El verano ha pasado y, casi sin darnos cuenta, comienza un nuevo curso escolar&#8230; &nbsp; Este a\u00f1o, la&nbsp;principal novedad&nbsp;es la&nbsp;vuelta a la normalidad&nbsp;anterior a&#46;&#46;&#46;<\/p>\n","protected":false},"author":11699,"featured_media":2515,"comment_status":"open","ping_status":"open","sticky":false,"template":"","format":"standard","meta":{"ngg_post_thumbnail":0,"footnotes":""},"categories":[11909],"tags":[],"aioseo_notices":[],"_links":{"self":[{"href":"https:\/\/blogsaverroes.juntadeandalucia.es\/ceipdoctorflemingjodar\/wp-json\/wp\/v2\/posts\/2505"}],"collection":[{"href":"https:\/\/blogsaverroes.juntadeandalucia.es\/ceipdoctorflemingjodar\/wp-json\/wp\/v2\/posts"}],"about":[{"href":"https:\/\/blogsaverroes.juntadeandalucia.es\/ceipdoctorflemingjodar\/wp-json\/wp\/v2\/types\/post"}],"author":[{"embeddable":true,"href":"https:\/\/blogsaverroes.juntadeandalucia.es\/ceipdoctorflemingjodar\/wp-json\/wp\/v2\/users\/11699"}],"replies":[{"embeddable":true,"href":"https:\/\/blogsaverroes.juntadeandalucia.es\/ceipdoctorflemingjodar\/wp-json\/wp\/v2\/comments?post=2505"}],"version-history":[{"count":10,"href":"https:\/\/blogsaverroes.juntadeandalucia.es\/ceipdoctorflemingjodar\/wp-json\/wp\/v2\/posts\/2505\/revisions"}],"predecessor-version":[{"id":2538,"href":"https:\/\/blogsaverroes.juntadeandalucia.es\/ceipdoctorflemingjodar\/wp-json\/wp\/v2\/posts\/2505\/revisions\/2538"}],"wp:featuredmedia":[{"embeddable":true,"href":"https:\/\/blogsaverroes.juntadeandalucia.es\/ceipdoctorflemingjodar\/wp-json\/wp\/v2\/media\/2515"}],"wp:attachment":[{"href":"https:\/\/blogsaverroes.juntadeandalucia.es\/ceipdoctorflemingjodar\/wp-json\/wp\/v2\/media?parent=2505"}],"wp:term":[{"taxonomy":"category","embeddable":true,"href":"https:\/\/blogsaverroes.juntadeandalucia.es\/ceipdoctorflemingjodar\/wp-json\/wp\/v2\/categories?post=2505"},{"taxonomy":"post_tag","embeddable":true,"href":"https:\/\/blogsaverroes.juntadeandalucia.es\/ceipdoctorflemingjodar\/wp-json\/wp\/v2\/tags?post=2505"}],"curies":[{"name":"wp","href":"https:\/\/api.w.org\/{rel}","templated":true}]}}