{"id":2244,"date":"2017-12-22T19:01:34","date_gmt":"2017-12-22T18:01:34","guid":{"rendered":"https:\/\/blogsaverroes.juntadeandalucia.es\/ceipdonana\/?p=2244"},"modified":"2018-06-07T11:44:13","modified_gmt":"2018-06-07T10:44:13","slug":"navidad-2017","status":"publish","type":"post","link":"https:\/\/blogsaverroes.juntadeandalucia.es\/ceipdonana\/2017\/12\/22\/navidad-2017\/","title":{"rendered":"Navidad 2017"},"content":{"rendered":"<p><a href=\"https:\/\/blogsaverroes.juntadeandalucia.es\/ceipdonana\/files\/2018\/01\/Feliz-Navidad-2017.jpg\"><img loading=\"lazy\" decoding=\"async\" class=\" wp-image-2245 aligncenter\" src=\"https:\/\/blogsaverroes.juntadeandalucia.es\/ceipdonana\/files\/2018\/01\/Feliz-Navidad-2017-300x300.jpg\" alt=\"\" height=\"628\" width=\"628\" srcset=\"https:\/\/blogsaverroes.juntadeandalucia.es\/ceipdonana\/files\/2018\/01\/Feliz-Navidad-2017-300x300.jpg 300w, https:\/\/blogsaverroes.juntadeandalucia.es\/ceipdonana\/files\/2018\/01\/Feliz-Navidad-2017-150x150.jpg 150w, https:\/\/blogsaverroes.juntadeandalucia.es\/ceipdonana\/files\/2018\/01\/Feliz-Navidad-2017-100x100.jpg 100w, https:\/\/blogsaverroes.juntadeandalucia.es\/ceipdonana\/files\/2018\/01\/Feliz-Navidad-2017-24x24.jpg 24w, https:\/\/blogsaverroes.juntadeandalucia.es\/ceipdonana\/files\/2018\/01\/Feliz-Navidad-2017-36x36.jpg 36w, https:\/\/blogsaverroes.juntadeandalucia.es\/ceipdonana\/files\/2018\/01\/Feliz-Navidad-2017-48x48.jpg 48w, https:\/\/blogsaverroes.juntadeandalucia.es\/ceipdonana\/files\/2018\/01\/Feliz-Navidad-2017.jpg 604w\" sizes=\"(max-width: 628px) 100vw, 628px\" \/><\/a><\/p>\n<p style=\"text-align: justify\">Como es tradici\u00f3n en nuestro colegio, cada curso antes de finalizar el primer trimestre, llevamos a cabo determinadas actividades alusivas a la festividad que se acerca. Este curso adem\u00e1s de la t\u00edpica degustaci\u00f3n de rep\u00e1palos (dulce t\u00edpico rociero, similar a los churros) con chocolate preparados por las familias del colegio, se cantaron villancicos por parte de todos los cursos y tuvimos la visita del Cartero y Paje Real (protagonizados\/as por los\/as padres\/madres del colegio).<br \/>\nAsimismo como novedad, procedimos a elaborar distintos adornos navide\u00f1os con material reciclado para decorar un \u00e1rbol (pino), de la aldea de El Roc\u00edo, en colaboraci\u00f3n con el ayuntamiento y las familias del alumnado. Result\u00f3 ser un d\u00eda de convivencia de toda la comunidad educativa, en una de las bonitas plazas que tiene la aldea, donde degustamos dulces preparados por las familias, as\u00ed como caf\u00e9 y zumos. Compartimos un rato de juegos, cante de villancicos y canciones populares, charla y diversi\u00f3n, adem\u00e1s de cooperar entre todos\/as y transmitir en el alumnado valores como la convivencia pac\u00edfica, clausurando la jornada con una suelta de globos de helio (cada alumno\/a el suyo) acompa\u00f1ados de deseos y mensajes, hecho que les gust\u00f3 much\u00edsimo.<\/p>\n<p style=\"text-align: center\">Os dejamos un d\u00edptico de la organizaci\u00f3n de ese d\u00eda <a href=\"https:\/\/blogsaverroes.juntadeandalucia.es\/ceipdonana\/2017\/12\/22\/navidad-2017\/fiesta-de-navidad\/\" rel=\"attachment wp-att-2979\">Fiesta de Navidad<\/a><\/p>\n","protected":false},"excerpt":{"rendered":"<p>Como es tradici\u00f3n en nuestro colegio, cada curso antes de finalizar el primer trimestre, llevamos a cabo determinadas actividades alusivas a la festividad que se acerca. Este curso adem\u00e1s de la t\u00edpica degustaci\u00f3n de&#46;&#46;&#46;<\/p>\n","protected":false},"author":4714,"featured_media":0,"comment_status":"open","ping_status":"open","sticky":false,"template":"","format":"standard","meta":{"ngg_post_thumbnail":0,"footnotes":""},"categories":[11909],"tags":[30318,9882,3987,4956,476],"aioseo_notices":[],"_links":{"self":[{"href":"https:\/\/blogsaverroes.juntadeandalucia.es\/ceipdonana\/wp-json\/wp\/v2\/posts\/2244"}],"collection":[{"href":"https:\/\/blogsaverroes.juntadeandalucia.es\/ceipdonana\/wp-json\/wp\/v2\/posts"}],"about":[{"href":"https:\/\/blogsaverroes.juntadeandalucia.es\/ceipdonana\/wp-json\/wp\/v2\/types\/post"}],"author":[{"embeddable":true,"href":"https:\/\/blogsaverroes.juntadeandalucia.es\/ceipdonana\/wp-json\/wp\/v2\/users\/4714"}],"replies":[{"embeddable":true,"href":"https:\/\/blogsaverroes.juntadeandalucia.es\/ceipdonana\/wp-json\/wp\/v2\/comments?post=2244"}],"version-history":[{"count":4,"href":"https:\/\/blogsaverroes.juntadeandalucia.es\/ceipdonana\/wp-json\/wp\/v2\/posts\/2244\/revisions"}],"predecessor-version":[{"id":2980,"href":"https:\/\/blogsaverroes.juntadeandalucia.es\/ceipdonana\/wp-json\/wp\/v2\/posts\/2244\/revisions\/2980"}],"wp:attachment":[{"href":"https:\/\/blogsaverroes.juntadeandalucia.es\/ceipdonana\/wp-json\/wp\/v2\/media?parent=2244"}],"wp:term":[{"taxonomy":"category","embeddable":true,"href":"https:\/\/blogsaverroes.juntadeandalucia.es\/ceipdonana\/wp-json\/wp\/v2\/categories?post=2244"},{"taxonomy":"post_tag","embeddable":true,"href":"https:\/\/blogsaverroes.juntadeandalucia.es\/ceipdonana\/wp-json\/wp\/v2\/tags?post=2244"}],"curies":[{"name":"wp","href":"https:\/\/api.w.org\/{rel}","templated":true}]}}