{"id":2458,"date":"2018-04-03T09:33:56","date_gmt":"2018-04-03T08:33:56","guid":{"rendered":"https:\/\/blogsaverroes.juntadeandalucia.es\/ceipdonana\/?p=2458"},"modified":"2018-05-31T09:48:02","modified_gmt":"2018-05-31T08:48:02","slug":"visitamos-el-centro-de-cria-en-cautividad-del-lince-iberico","status":"publish","type":"post","link":"https:\/\/blogsaverroes.juntadeandalucia.es\/ceipdonana\/2018\/04\/03\/visitamos-el-centro-de-cria-en-cautividad-del-lince-iberico\/","title":{"rendered":"Visitamos el centro de cr\u00eda en cautividad del Lince Ib\u00e9rico"},"content":{"rendered":"<p style=\"text-align: center\"><strong>Visita al centro Acebuche. Inauguraci\u00f3n del centro de cr\u00eda en cautividad del Lince ib\u00e9rico (2 de abril de 2018).<\/strong><\/p>\n<p>De especial relevancia ha sido durante este curso la visita a El Acebuche, ubicado en un contexto pr\u00f3ximo a nuestro centro, donde se encuentra el centro de cr\u00eda en cautividad del Lince Ib\u00e9rico, con la intenci\u00f3n de proteger esta especie en peligro de extinci\u00f3n.<\/p>\n<p style=\"text-align: justify\">Hemos sido escogidos como centro educativo para su inauguraci\u00f3n junto con autoridades, entre las que se encontraban la presidenta de la Junta de Andaluc\u00eda, D\u00f1a. Susana D\u00edaz.<\/p>\n\n\t\t<style>\n\t\t\t#gallery-1 {\n\t\t\t\tmargin: auto;\n\t\t\t}\n\t\t\t#gallery-1 .gallery-item {\n\t\t\t\tfloat: left;\n\t\t\t\tmargin-top: 10px;\n\t\t\t\ttext-align: center;\n\t\t\t\twidth: 33%;\n\t\t\t}\n\t\t\t#gallery-1 img {\n\t\t\t\tborder: 2px solid #cfcfcf;\n\t\t\t}\n\t\t\t#gallery-1 .gallery-caption {\n\t\t\t\tmargin-left: 0;\n\t\t\t}\n\t\t\t\/* see gallery_shortcode() in wp-includes\/media.php *\/\n\t\t<\/style>\n\t\t<div id='gallery-1' class='gallery galleryid-2458 gallery-columns-3 gallery-size-full'><dl class='gallery-item'>\n\t\t\t<dt class='gallery-icon landscape'>\n\t\t\t\t<a href='https:\/\/blogsaverroes.juntadeandalucia.es\/ceipdonana\/2018\/04\/03\/visitamos-el-centro-de-cria-en-cautividad-del-lince-iberico\/20180402_115848\/'><img loading=\"lazy\" decoding=\"async\" width=\"1600\" height=\"900\" src=\"https:\/\/blogsaverroes.juntadeandalucia.es\/ceipdonana\/files\/2018\/05\/20180402_115848.jpg\" class=\"attachment-full size-full\" alt=\"\" srcset=\"https:\/\/blogsaverroes.juntadeandalucia.es\/ceipdonana\/files\/2018\/05\/20180402_115848.jpg 1600w, https:\/\/blogsaverroes.juntadeandalucia.es\/ceipdonana\/files\/2018\/05\/20180402_115848-300x169.jpg 300w, https:\/\/blogsaverroes.juntadeandalucia.es\/ceipdonana\/files\/2018\/05\/20180402_115848-768x432.jpg 768w, https:\/\/blogsaverroes.juntadeandalucia.es\/ceipdonana\/files\/2018\/05\/20180402_115848-1024x576.jpg 1024w, https:\/\/blogsaverroes.juntadeandalucia.es\/ceipdonana\/files\/2018\/05\/20180402_115848-24x14.jpg 24w, https:\/\/blogsaverroes.juntadeandalucia.es\/ceipdonana\/files\/2018\/05\/20180402_115848-36x20.jpg 36w, https:\/\/blogsaverroes.juntadeandalucia.es\/ceipdonana\/files\/2018\/05\/20180402_115848-48x27.jpg 48w\" sizes=\"(max-width: 1600px) 100vw, 1600px\" \/><\/a>\n\t\t\t<\/dt><\/dl><dl class='gallery-item'>\n\t\t\t<dt class='gallery-icon landscape'>\n\t\t\t\t<a href='https:\/\/blogsaverroes.juntadeandalucia.es\/ceipdonana\/2018\/04\/03\/visitamos-el-centro-de-cria-en-cautividad-del-lince-iberico\/20180402_130326_hdr\/'><img loading=\"lazy\" decoding=\"async\" width=\"1600\" height=\"900\" src=\"https:\/\/blogsaverroes.juntadeandalucia.es\/ceipdonana\/files\/2018\/05\/20180402_130326_HDR.jpg\" class=\"attachment-full size-full\" alt=\"\" srcset=\"https:\/\/blogsaverroes.juntadeandalucia.es\/ceipdonana\/files\/2018\/05\/20180402_130326_HDR.jpg 1600w, https:\/\/blogsaverroes.juntadeandalucia.es\/ceipdonana\/files\/2018\/05\/20180402_130326_HDR-300x169.jpg 300w, https:\/\/blogsaverroes.juntadeandalucia.es\/ceipdonana\/files\/2018\/05\/20180402_130326_HDR-768x432.jpg 768w, https:\/\/blogsaverroes.juntadeandalucia.es\/ceipdonana\/files\/2018\/05\/20180402_130326_HDR-1024x576.jpg 1024w, https:\/\/blogsaverroes.juntadeandalucia.es\/ceipdonana\/files\/2018\/05\/20180402_130326_HDR-24x14.jpg 24w, https:\/\/blogsaverroes.juntadeandalucia.es\/ceipdonana\/files\/2018\/05\/20180402_130326_HDR-36x20.jpg 36w, https:\/\/blogsaverroes.juntadeandalucia.es\/ceipdonana\/files\/2018\/05\/20180402_130326_HDR-48x27.jpg 48w\" sizes=\"(max-width: 1600px) 100vw, 1600px\" \/><\/a>\n\t\t\t<\/dt><\/dl><dl class='gallery-item'>\n\t\t\t<dt class='gallery-icon landscape'>\n\t\t\t\t<a href='https:\/\/blogsaverroes.juntadeandalucia.es\/ceipdonana\/2018\/04\/03\/visitamos-el-centro-de-cria-en-cautividad-del-lince-iberico\/20180402_105730\/'><img loading=\"lazy\" decoding=\"async\" width=\"1600\" height=\"900\" src=\"https:\/\/blogsaverroes.juntadeandalucia.es\/ceipdonana\/files\/2018\/05\/20180402_105730.jpg\" class=\"attachment-full size-full\" alt=\"\" srcset=\"https:\/\/blogsaverroes.juntadeandalucia.es\/ceipdonana\/files\/2018\/05\/20180402_105730.jpg 1600w, https:\/\/blogsaverroes.juntadeandalucia.es\/ceipdonana\/files\/2018\/05\/20180402_105730-300x169.jpg 300w, https:\/\/blogsaverroes.juntadeandalucia.es\/ceipdonana\/files\/2018\/05\/20180402_105730-768x432.jpg 768w, https:\/\/blogsaverroes.juntadeandalucia.es\/ceipdonana\/files\/2018\/05\/20180402_105730-1024x576.jpg 1024w, https:\/\/blogsaverroes.juntadeandalucia.es\/ceipdonana\/files\/2018\/05\/20180402_105730-24x14.jpg 24w, https:\/\/blogsaverroes.juntadeandalucia.es\/ceipdonana\/files\/2018\/05\/20180402_105730-36x20.jpg 36w, https:\/\/blogsaverroes.juntadeandalucia.es\/ceipdonana\/files\/2018\/05\/20180402_105730-48x27.jpg 48w\" sizes=\"(max-width: 1600px) 100vw, 1600px\" \/><\/a>\n\t\t\t<\/dt><\/dl><br style=\"clear: both\" \/><dl class='gallery-item'>\n\t\t\t<dt class='gallery-icon landscape'>\n\t\t\t\t<a href='https:\/\/blogsaverroes.juntadeandalucia.es\/ceipdonana\/2018\/04\/03\/visitamos-el-centro-de-cria-en-cautividad-del-lince-iberico\/20180402_130710\/'><img loading=\"lazy\" decoding=\"async\" width=\"1600\" height=\"900\" src=\"https:\/\/blogsaverroes.juntadeandalucia.es\/ceipdonana\/files\/2018\/05\/20180402_130710.jpg\" class=\"attachment-full size-full\" alt=\"\" srcset=\"https:\/\/blogsaverroes.juntadeandalucia.es\/ceipdonana\/files\/2018\/05\/20180402_130710.jpg 1600w, https:\/\/blogsaverroes.juntadeandalucia.es\/ceipdonana\/files\/2018\/05\/20180402_130710-300x169.jpg 300w, https:\/\/blogsaverroes.juntadeandalucia.es\/ceipdonana\/files\/2018\/05\/20180402_130710-768x432.jpg 768w, https:\/\/blogsaverroes.juntadeandalucia.es\/ceipdonana\/files\/2018\/05\/20180402_130710-1024x576.jpg 1024w, https:\/\/blogsaverroes.juntadeandalucia.es\/ceipdonana\/files\/2018\/05\/20180402_130710-24x14.jpg 24w, https:\/\/blogsaverroes.juntadeandalucia.es\/ceipdonana\/files\/2018\/05\/20180402_130710-36x20.jpg 36w, https:\/\/blogsaverroes.juntadeandalucia.es\/ceipdonana\/files\/2018\/05\/20180402_130710-48x27.jpg 48w\" sizes=\"(max-width: 1600px) 100vw, 1600px\" \/><\/a>\n\t\t\t<\/dt><\/dl><dl class='gallery-item'>\n\t\t\t<dt class='gallery-icon landscape'>\n\t\t\t\t<a href='https:\/\/blogsaverroes.juntadeandalucia.es\/ceipdonana\/2018\/04\/03\/visitamos-el-centro-de-cria-en-cautividad-del-lince-iberico\/20180402_132855\/'><img loading=\"lazy\" decoding=\"async\" width=\"1600\" height=\"900\" src=\"https:\/\/blogsaverroes.juntadeandalucia.es\/ceipdonana\/files\/2018\/05\/20180402_132855.jpg\" class=\"attachment-full size-full\" alt=\"\" aria-describedby=\"gallery-1-2461\" srcset=\"https:\/\/blogsaverroes.juntadeandalucia.es\/ceipdonana\/files\/2018\/05\/20180402_132855.jpg 1600w, https:\/\/blogsaverroes.juntadeandalucia.es\/ceipdonana\/files\/2018\/05\/20180402_132855-300x169.jpg 300w, https:\/\/blogsaverroes.juntadeandalucia.es\/ceipdonana\/files\/2018\/05\/20180402_132855-768x432.jpg 768w, https:\/\/blogsaverroes.juntadeandalucia.es\/ceipdonana\/files\/2018\/05\/20180402_132855-1024x576.jpg 1024w, https:\/\/blogsaverroes.juntadeandalucia.es\/ceipdonana\/files\/2018\/05\/20180402_132855-24x14.jpg 24w, https:\/\/blogsaverroes.juntadeandalucia.es\/ceipdonana\/files\/2018\/05\/20180402_132855-36x20.jpg 36w, https:\/\/blogsaverroes.juntadeandalucia.es\/ceipdonana\/files\/2018\/05\/20180402_132855-48x27.jpg 48w\" sizes=\"(max-width: 1600px) 100vw, 1600px\" \/><\/a>\n\t\t\t<\/dt>\n\t\t\t\t<dd class='wp-caption-text gallery-caption' id='gallery-1-2461'>\n\t\t\t\tNuestro alumnado observando y conociendo de cerca al lince Ib\u00e9rico junto a la Presidenta de la Junta de Andaluc\u00eda\n\t\t\t\t<\/dd><\/dl><dl class='gallery-item'>\n\t\t\t<dt class='gallery-icon landscape'>\n\t\t\t\t<a href='https:\/\/blogsaverroes.juntadeandalucia.es\/ceipdonana\/2018\/04\/03\/visitamos-el-centro-de-cria-en-cautividad-del-lince-iberico\/20180402_105549-2\/'><img loading=\"lazy\" decoding=\"async\" width=\"1600\" height=\"900\" src=\"https:\/\/blogsaverroes.juntadeandalucia.es\/ceipdonana\/files\/2018\/05\/20180402_105549-1.jpg\" class=\"attachment-full size-full\" alt=\"\" srcset=\"https:\/\/blogsaverroes.juntadeandalucia.es\/ceipdonana\/files\/2018\/05\/20180402_105549-1.jpg 1600w, https:\/\/blogsaverroes.juntadeandalucia.es\/ceipdonana\/files\/2018\/05\/20180402_105549-1-300x169.jpg 300w, https:\/\/blogsaverroes.juntadeandalucia.es\/ceipdonana\/files\/2018\/05\/20180402_105549-1-768x432.jpg 768w, https:\/\/blogsaverroes.juntadeandalucia.es\/ceipdonana\/files\/2018\/05\/20180402_105549-1-1024x576.jpg 1024w, https:\/\/blogsaverroes.juntadeandalucia.es\/ceipdonana\/files\/2018\/05\/20180402_105549-1-24x14.jpg 24w, https:\/\/blogsaverroes.juntadeandalucia.es\/ceipdonana\/files\/2018\/05\/20180402_105549-1-36x20.jpg 36w, https:\/\/blogsaverroes.juntadeandalucia.es\/ceipdonana\/files\/2018\/05\/20180402_105549-1-48x27.jpg 48w\" sizes=\"(max-width: 1600px) 100vw, 1600px\" \/><\/a>\n\t\t\t<\/dt><\/dl><br style=\"clear: both\" \/>\n\t\t<\/div>\n\n<p style=\"text-align: justify\">\nPudimos ser los\/as primeros\/as privilegiados\/as en visitar las instalaciones, as\u00ed como ver al lince ib\u00e9rico en cautividad a trav\u00e9s de unas critaleras, as\u00ed como recibir la formaci\u00f3n e informaci\u00f3n adecuada para entender y conocer mejor a este animal tan bonito.<br \/>\nEl alumnado y profesorado disfrut\u00f3 de la jornada, siendo muy positivo y destacando el valor que se transmite con este tipo de actuaciones al alumnado, por el cari\u00f1o y cuidado de los seres vivos y la naturaleza.<\/p>\n<p>&nbsp;<\/p>\n","protected":false},"excerpt":{"rendered":"<p>Visita al centro Acebuche. Inauguraci\u00f3n del centro de cr\u00eda en cautividad del Lince ib\u00e9rico (2 de abril de 2018). De especial relevancia ha sido durante este curso la visita a El Acebuche, ubicado en&#46;&#46;&#46;<\/p>\n","protected":false},"author":4714,"featured_media":0,"comment_status":"open","ping_status":"open","sticky":false,"template":"","format":"standard","meta":{"ngg_post_thumbnail":0,"footnotes":""},"categories":[11909],"tags":[],"aioseo_notices":[],"_links":{"self":[{"href":"https:\/\/blogsaverroes.juntadeandalucia.es\/ceipdonana\/wp-json\/wp\/v2\/posts\/2458"}],"collection":[{"href":"https:\/\/blogsaverroes.juntadeandalucia.es\/ceipdonana\/wp-json\/wp\/v2\/posts"}],"about":[{"href":"https:\/\/blogsaverroes.juntadeandalucia.es\/ceipdonana\/wp-json\/wp\/v2\/types\/post"}],"author":[{"embeddable":true,"href":"https:\/\/blogsaverroes.juntadeandalucia.es\/ceipdonana\/wp-json\/wp\/v2\/users\/4714"}],"replies":[{"embeddable":true,"href":"https:\/\/blogsaverroes.juntadeandalucia.es\/ceipdonana\/wp-json\/wp\/v2\/comments?post=2458"}],"version-history":[{"count":1,"href":"https:\/\/blogsaverroes.juntadeandalucia.es\/ceipdonana\/wp-json\/wp\/v2\/posts\/2458\/revisions"}],"predecessor-version":[{"id":2467,"href":"https:\/\/blogsaverroes.juntadeandalucia.es\/ceipdonana\/wp-json\/wp\/v2\/posts\/2458\/revisions\/2467"}],"wp:attachment":[{"href":"https:\/\/blogsaverroes.juntadeandalucia.es\/ceipdonana\/wp-json\/wp\/v2\/media?parent=2458"}],"wp:term":[{"taxonomy":"category","embeddable":true,"href":"https:\/\/blogsaverroes.juntadeandalucia.es\/ceipdonana\/wp-json\/wp\/v2\/categories?post=2458"},{"taxonomy":"post_tag","embeddable":true,"href":"https:\/\/blogsaverroes.juntadeandalucia.es\/ceipdonana\/wp-json\/wp\/v2\/tags?post=2458"}],"curies":[{"name":"wp","href":"https:\/\/api.w.org\/{rel}","templated":true}]}}