{"id":3283,"date":"2016-03-19T10:16:39","date_gmt":"2016-03-19T09:16:39","guid":{"rendered":"https:\/\/blogsaverroes.juntadeandalucia.es\/ceipdonana\/?p=3283"},"modified":"2018-06-19T12:12:27","modified_gmt":"2018-06-19T11:12:27","slug":"a-la-playa","status":"publish","type":"post","link":"https:\/\/blogsaverroes.juntadeandalucia.es\/ceipdonana\/2016\/03\/19\/a-la-playa\/","title":{"rendered":"\u00a1A la playa!"},"content":{"rendered":"<p style=\"text-align: justify\">Como centro ecoescuela y comprometidos\/as en la tarea de cuidar nuestro entorno, la playa es uno de los pilares fundamentales.<\/p>\n<p style=\"text-align: justify\">Con motivo de nuestra semana de medio ambiente, una de las actividades complementarias que hemos hecho es \u00e9sta:<\/p>\n\n\t\t<style>\n\t\t\t#gallery-1 {\n\t\t\t\tmargin: auto;\n\t\t\t}\n\t\t\t#gallery-1 .gallery-item {\n\t\t\t\tfloat: left;\n\t\t\t\tmargin-top: 10px;\n\t\t\t\ttext-align: center;\n\t\t\t\twidth: 33%;\n\t\t\t}\n\t\t\t#gallery-1 img {\n\t\t\t\tborder: 2px solid #cfcfcf;\n\t\t\t}\n\t\t\t#gallery-1 .gallery-caption {\n\t\t\t\tmargin-left: 0;\n\t\t\t}\n\t\t\t\/* see gallery_shortcode() in wp-includes\/media.php *\/\n\t\t<\/style>\n\t\t<div id='gallery-1' class='gallery galleryid-3283 gallery-columns-3 gallery-size-full'><dl class='gallery-item'>\n\t\t\t<dt class='gallery-icon landscape'>\n\t\t\t\t<a href='https:\/\/blogsaverroes.juntadeandalucia.es\/ceipdonana\/2016\/03\/19\/a-la-playa\/20160315_130633\/'><img loading=\"lazy\" decoding=\"async\" width=\"1600\" height=\"900\" src=\"https:\/\/blogsaverroes.juntadeandalucia.es\/ceipdonana\/files\/2018\/06\/20160315_130633.jpg\" class=\"attachment-full size-full\" alt=\"\" srcset=\"https:\/\/blogsaverroes.juntadeandalucia.es\/ceipdonana\/files\/2018\/06\/20160315_130633.jpg 1600w, https:\/\/blogsaverroes.juntadeandalucia.es\/ceipdonana\/files\/2018\/06\/20160315_130633-300x169.jpg 300w, https:\/\/blogsaverroes.juntadeandalucia.es\/ceipdonana\/files\/2018\/06\/20160315_130633-768x432.jpg 768w, https:\/\/blogsaverroes.juntadeandalucia.es\/ceipdonana\/files\/2018\/06\/20160315_130633-1024x576.jpg 1024w, https:\/\/blogsaverroes.juntadeandalucia.es\/ceipdonana\/files\/2018\/06\/20160315_130633-24x14.jpg 24w, https:\/\/blogsaverroes.juntadeandalucia.es\/ceipdonana\/files\/2018\/06\/20160315_130633-36x20.jpg 36w, https:\/\/blogsaverroes.juntadeandalucia.es\/ceipdonana\/files\/2018\/06\/20160315_130633-48x27.jpg 48w\" sizes=\"(max-width: 1600px) 100vw, 1600px\" \/><\/a>\n\t\t\t<\/dt><\/dl><dl class='gallery-item'>\n\t\t\t<dt class='gallery-icon landscape'>\n\t\t\t\t<a href='https:\/\/blogsaverroes.juntadeandalucia.es\/ceipdonana\/2016\/03\/19\/a-la-playa\/20160315_101710\/'><img loading=\"lazy\" decoding=\"async\" width=\"1600\" height=\"900\" src=\"https:\/\/blogsaverroes.juntadeandalucia.es\/ceipdonana\/files\/2018\/06\/20160315_101710.jpg\" class=\"attachment-full size-full\" alt=\"\" srcset=\"https:\/\/blogsaverroes.juntadeandalucia.es\/ceipdonana\/files\/2018\/06\/20160315_101710.jpg 1600w, https:\/\/blogsaverroes.juntadeandalucia.es\/ceipdonana\/files\/2018\/06\/20160315_101710-300x169.jpg 300w, https:\/\/blogsaverroes.juntadeandalucia.es\/ceipdonana\/files\/2018\/06\/20160315_101710-768x432.jpg 768w, https:\/\/blogsaverroes.juntadeandalucia.es\/ceipdonana\/files\/2018\/06\/20160315_101710-1024x576.jpg 1024w, https:\/\/blogsaverroes.juntadeandalucia.es\/ceipdonana\/files\/2018\/06\/20160315_101710-24x14.jpg 24w, https:\/\/blogsaverroes.juntadeandalucia.es\/ceipdonana\/files\/2018\/06\/20160315_101710-36x20.jpg 36w, https:\/\/blogsaverroes.juntadeandalucia.es\/ceipdonana\/files\/2018\/06\/20160315_101710-48x27.jpg 48w\" sizes=\"(max-width: 1600px) 100vw, 1600px\" \/><\/a>\n\t\t\t<\/dt><\/dl><dl class='gallery-item'>\n\t\t\t<dt class='gallery-icon landscape'>\n\t\t\t\t<a href='https:\/\/blogsaverroes.juntadeandalucia.es\/ceipdonana\/2016\/03\/19\/a-la-playa\/20160315_095704\/'><img loading=\"lazy\" decoding=\"async\" width=\"1600\" height=\"900\" src=\"https:\/\/blogsaverroes.juntadeandalucia.es\/ceipdonana\/files\/2018\/06\/20160315_095704.jpg\" class=\"attachment-full size-full\" alt=\"\" srcset=\"https:\/\/blogsaverroes.juntadeandalucia.es\/ceipdonana\/files\/2018\/06\/20160315_095704.jpg 1600w, https:\/\/blogsaverroes.juntadeandalucia.es\/ceipdonana\/files\/2018\/06\/20160315_095704-300x169.jpg 300w, https:\/\/blogsaverroes.juntadeandalucia.es\/ceipdonana\/files\/2018\/06\/20160315_095704-768x432.jpg 768w, https:\/\/blogsaverroes.juntadeandalucia.es\/ceipdonana\/files\/2018\/06\/20160315_095704-1024x576.jpg 1024w, https:\/\/blogsaverroes.juntadeandalucia.es\/ceipdonana\/files\/2018\/06\/20160315_095704-24x14.jpg 24w, https:\/\/blogsaverroes.juntadeandalucia.es\/ceipdonana\/files\/2018\/06\/20160315_095704-36x20.jpg 36w, https:\/\/blogsaverroes.juntadeandalucia.es\/ceipdonana\/files\/2018\/06\/20160315_095704-48x27.jpg 48w\" sizes=\"(max-width: 1600px) 100vw, 1600px\" \/><\/a>\n\t\t\t<\/dt><\/dl><br style=\"clear: both\" \/><dl class='gallery-item'>\n\t\t\t<dt class='gallery-icon landscape'>\n\t\t\t\t<a href='https:\/\/blogsaverroes.juntadeandalucia.es\/ceipdonana\/2016\/03\/19\/a-la-playa\/20160315_125046\/'><img loading=\"lazy\" decoding=\"async\" width=\"1600\" height=\"900\" src=\"https:\/\/blogsaverroes.juntadeandalucia.es\/ceipdonana\/files\/2018\/06\/20160315_125046.jpg\" class=\"attachment-full size-full\" alt=\"\" srcset=\"https:\/\/blogsaverroes.juntadeandalucia.es\/ceipdonana\/files\/2018\/06\/20160315_125046.jpg 1600w, https:\/\/blogsaverroes.juntadeandalucia.es\/ceipdonana\/files\/2018\/06\/20160315_125046-300x169.jpg 300w, https:\/\/blogsaverroes.juntadeandalucia.es\/ceipdonana\/files\/2018\/06\/20160315_125046-768x432.jpg 768w, https:\/\/blogsaverroes.juntadeandalucia.es\/ceipdonana\/files\/2018\/06\/20160315_125046-1024x576.jpg 1024w, https:\/\/blogsaverroes.juntadeandalucia.es\/ceipdonana\/files\/2018\/06\/20160315_125046-24x14.jpg 24w, https:\/\/blogsaverroes.juntadeandalucia.es\/ceipdonana\/files\/2018\/06\/20160315_125046-36x20.jpg 36w, https:\/\/blogsaverroes.juntadeandalucia.es\/ceipdonana\/files\/2018\/06\/20160315_125046-48x27.jpg 48w\" sizes=\"(max-width: 1600px) 100vw, 1600px\" \/><\/a>\n\t\t\t<\/dt><\/dl><dl class='gallery-item'>\n\t\t\t<dt class='gallery-icon landscape'>\n\t\t\t\t<a href='https:\/\/blogsaverroes.juntadeandalucia.es\/ceipdonana\/2016\/03\/19\/a-la-playa\/20160315_131201\/'><img loading=\"lazy\" decoding=\"async\" width=\"1600\" height=\"900\" src=\"https:\/\/blogsaverroes.juntadeandalucia.es\/ceipdonana\/files\/2018\/06\/20160315_131201.jpg\" class=\"attachment-full size-full\" alt=\"\" srcset=\"https:\/\/blogsaverroes.juntadeandalucia.es\/ceipdonana\/files\/2018\/06\/20160315_131201.jpg 1600w, https:\/\/blogsaverroes.juntadeandalucia.es\/ceipdonana\/files\/2018\/06\/20160315_131201-300x169.jpg 300w, https:\/\/blogsaverroes.juntadeandalucia.es\/ceipdonana\/files\/2018\/06\/20160315_131201-768x432.jpg 768w, https:\/\/blogsaverroes.juntadeandalucia.es\/ceipdonana\/files\/2018\/06\/20160315_131201-1024x576.jpg 1024w, https:\/\/blogsaverroes.juntadeandalucia.es\/ceipdonana\/files\/2018\/06\/20160315_131201-24x14.jpg 24w, https:\/\/blogsaverroes.juntadeandalucia.es\/ceipdonana\/files\/2018\/06\/20160315_131201-36x20.jpg 36w, https:\/\/blogsaverroes.juntadeandalucia.es\/ceipdonana\/files\/2018\/06\/20160315_131201-48x27.jpg 48w\" sizes=\"(max-width: 1600px) 100vw, 1600px\" \/><\/a>\n\t\t\t<\/dt><\/dl><dl class='gallery-item'>\n\t\t\t<dt class='gallery-icon landscape'>\n\t\t\t\t<a href='https:\/\/blogsaverroes.juntadeandalucia.es\/ceipdonana\/2016\/03\/19\/a-la-playa\/20160315_131412\/'><img loading=\"lazy\" decoding=\"async\" width=\"1600\" height=\"900\" src=\"https:\/\/blogsaverroes.juntadeandalucia.es\/ceipdonana\/files\/2018\/06\/20160315_131412.jpg\" class=\"attachment-full size-full\" alt=\"\" srcset=\"https:\/\/blogsaverroes.juntadeandalucia.es\/ceipdonana\/files\/2018\/06\/20160315_131412.jpg 1600w, https:\/\/blogsaverroes.juntadeandalucia.es\/ceipdonana\/files\/2018\/06\/20160315_131412-300x169.jpg 300w, https:\/\/blogsaverroes.juntadeandalucia.es\/ceipdonana\/files\/2018\/06\/20160315_131412-768x432.jpg 768w, https:\/\/blogsaverroes.juntadeandalucia.es\/ceipdonana\/files\/2018\/06\/20160315_131412-1024x576.jpg 1024w, https:\/\/blogsaverroes.juntadeandalucia.es\/ceipdonana\/files\/2018\/06\/20160315_131412-24x14.jpg 24w, https:\/\/blogsaverroes.juntadeandalucia.es\/ceipdonana\/files\/2018\/06\/20160315_131412-36x20.jpg 36w, https:\/\/blogsaverroes.juntadeandalucia.es\/ceipdonana\/files\/2018\/06\/20160315_131412-48x27.jpg 48w\" sizes=\"(max-width: 1600px) 100vw, 1600px\" \/><\/a>\n\t\t\t<\/dt><\/dl><br style=\"clear: both\" \/><dl class='gallery-item'>\n\t\t\t<dt class='gallery-icon landscape'>\n\t\t\t\t<a href='https:\/\/blogsaverroes.juntadeandalucia.es\/ceipdonana\/2016\/03\/19\/a-la-playa\/20160315_101551\/'><img loading=\"lazy\" decoding=\"async\" width=\"1600\" height=\"900\" src=\"https:\/\/blogsaverroes.juntadeandalucia.es\/ceipdonana\/files\/2018\/06\/20160315_101551.jpg\" class=\"attachment-full size-full\" alt=\"\" srcset=\"https:\/\/blogsaverroes.juntadeandalucia.es\/ceipdonana\/files\/2018\/06\/20160315_101551.jpg 1600w, https:\/\/blogsaverroes.juntadeandalucia.es\/ceipdonana\/files\/2018\/06\/20160315_101551-300x169.jpg 300w, https:\/\/blogsaverroes.juntadeandalucia.es\/ceipdonana\/files\/2018\/06\/20160315_101551-768x432.jpg 768w, https:\/\/blogsaverroes.juntadeandalucia.es\/ceipdonana\/files\/2018\/06\/20160315_101551-1024x576.jpg 1024w, https:\/\/blogsaverroes.juntadeandalucia.es\/ceipdonana\/files\/2018\/06\/20160315_101551-24x14.jpg 24w, https:\/\/blogsaverroes.juntadeandalucia.es\/ceipdonana\/files\/2018\/06\/20160315_101551-36x20.jpg 36w, https:\/\/blogsaverroes.juntadeandalucia.es\/ceipdonana\/files\/2018\/06\/20160315_101551-48x27.jpg 48w\" sizes=\"(max-width: 1600px) 100vw, 1600px\" \/><\/a>\n\t\t\t<\/dt><\/dl><dl class='gallery-item'>\n\t\t\t<dt class='gallery-icon landscape'>\n\t\t\t\t<a href='https:\/\/blogsaverroes.juntadeandalucia.es\/ceipdonana\/2016\/03\/19\/a-la-playa\/20160315_124820_hdr\/'><img loading=\"lazy\" decoding=\"async\" width=\"1600\" height=\"900\" src=\"https:\/\/blogsaverroes.juntadeandalucia.es\/ceipdonana\/files\/2018\/06\/20160315_124820_HDR.jpg\" class=\"attachment-full size-full\" alt=\"\" srcset=\"https:\/\/blogsaverroes.juntadeandalucia.es\/ceipdonana\/files\/2018\/06\/20160315_124820_HDR.jpg 1600w, https:\/\/blogsaverroes.juntadeandalucia.es\/ceipdonana\/files\/2018\/06\/20160315_124820_HDR-300x169.jpg 300w, https:\/\/blogsaverroes.juntadeandalucia.es\/ceipdonana\/files\/2018\/06\/20160315_124820_HDR-768x432.jpg 768w, https:\/\/blogsaverroes.juntadeandalucia.es\/ceipdonana\/files\/2018\/06\/20160315_124820_HDR-1024x576.jpg 1024w, https:\/\/blogsaverroes.juntadeandalucia.es\/ceipdonana\/files\/2018\/06\/20160315_124820_HDR-24x14.jpg 24w, https:\/\/blogsaverroes.juntadeandalucia.es\/ceipdonana\/files\/2018\/06\/20160315_124820_HDR-36x20.jpg 36w, https:\/\/blogsaverroes.juntadeandalucia.es\/ceipdonana\/files\/2018\/06\/20160315_124820_HDR-48x27.jpg 48w\" sizes=\"(max-width: 1600px) 100vw, 1600px\" \/><\/a>\n\t\t\t<\/dt><\/dl><dl class='gallery-item'>\n\t\t\t<dt class='gallery-icon landscape'>\n\t\t\t\t<a href='https:\/\/blogsaverroes.juntadeandalucia.es\/ceipdonana\/2016\/03\/19\/a-la-playa\/20160315_103225_hdr\/'><img loading=\"lazy\" decoding=\"async\" width=\"1600\" height=\"900\" src=\"https:\/\/blogsaverroes.juntadeandalucia.es\/ceipdonana\/files\/2018\/06\/20160315_103225_HDR.jpg\" class=\"attachment-full size-full\" alt=\"\" srcset=\"https:\/\/blogsaverroes.juntadeandalucia.es\/ceipdonana\/files\/2018\/06\/20160315_103225_HDR.jpg 1600w, https:\/\/blogsaverroes.juntadeandalucia.es\/ceipdonana\/files\/2018\/06\/20160315_103225_HDR-300x169.jpg 300w, https:\/\/blogsaverroes.juntadeandalucia.es\/ceipdonana\/files\/2018\/06\/20160315_103225_HDR-768x432.jpg 768w, https:\/\/blogsaverroes.juntadeandalucia.es\/ceipdonana\/files\/2018\/06\/20160315_103225_HDR-1024x576.jpg 1024w, https:\/\/blogsaverroes.juntadeandalucia.es\/ceipdonana\/files\/2018\/06\/20160315_103225_HDR-24x14.jpg 24w, https:\/\/blogsaverroes.juntadeandalucia.es\/ceipdonana\/files\/2018\/06\/20160315_103225_HDR-36x20.jpg 36w, https:\/\/blogsaverroes.juntadeandalucia.es\/ceipdonana\/files\/2018\/06\/20160315_103225_HDR-48x27.jpg 48w\" sizes=\"(max-width: 1600px) 100vw, 1600px\" \/><\/a>\n\t\t\t<\/dt><\/dl><br style=\"clear: both\" \/><dl class='gallery-item'>\n\t\t\t<dt class='gallery-icon landscape'>\n\t\t\t\t<a href='https:\/\/blogsaverroes.juntadeandalucia.es\/ceipdonana\/2016\/03\/19\/a-la-playa\/20160315_105047_hdr\/'><img loading=\"lazy\" decoding=\"async\" width=\"1600\" height=\"900\" src=\"https:\/\/blogsaverroes.juntadeandalucia.es\/ceipdonana\/files\/2018\/06\/20160315_105047_HDR.jpg\" class=\"attachment-full size-full\" alt=\"\" srcset=\"https:\/\/blogsaverroes.juntadeandalucia.es\/ceipdonana\/files\/2018\/06\/20160315_105047_HDR.jpg 1600w, https:\/\/blogsaverroes.juntadeandalucia.es\/ceipdonana\/files\/2018\/06\/20160315_105047_HDR-300x169.jpg 300w, https:\/\/blogsaverroes.juntadeandalucia.es\/ceipdonana\/files\/2018\/06\/20160315_105047_HDR-768x432.jpg 768w, https:\/\/blogsaverroes.juntadeandalucia.es\/ceipdonana\/files\/2018\/06\/20160315_105047_HDR-1024x576.jpg 1024w, https:\/\/blogsaverroes.juntadeandalucia.es\/ceipdonana\/files\/2018\/06\/20160315_105047_HDR-24x14.jpg 24w, https:\/\/blogsaverroes.juntadeandalucia.es\/ceipdonana\/files\/2018\/06\/20160315_105047_HDR-36x20.jpg 36w, https:\/\/blogsaverroes.juntadeandalucia.es\/ceipdonana\/files\/2018\/06\/20160315_105047_HDR-48x27.jpg 48w\" sizes=\"(max-width: 1600px) 100vw, 1600px\" \/><\/a>\n\t\t\t<\/dt><\/dl><dl class='gallery-item'>\n\t\t\t<dt class='gallery-icon landscape'>\n\t\t\t\t<a href='https:\/\/blogsaverroes.juntadeandalucia.es\/ceipdonana\/2016\/03\/19\/a-la-playa\/20160315_124634_hdr\/'><img loading=\"lazy\" decoding=\"async\" width=\"1600\" height=\"900\" src=\"https:\/\/blogsaverroes.juntadeandalucia.es\/ceipdonana\/files\/2018\/06\/20160315_124634_HDR.jpg\" class=\"attachment-full size-full\" alt=\"\" srcset=\"https:\/\/blogsaverroes.juntadeandalucia.es\/ceipdonana\/files\/2018\/06\/20160315_124634_HDR.jpg 1600w, https:\/\/blogsaverroes.juntadeandalucia.es\/ceipdonana\/files\/2018\/06\/20160315_124634_HDR-300x169.jpg 300w, https:\/\/blogsaverroes.juntadeandalucia.es\/ceipdonana\/files\/2018\/06\/20160315_124634_HDR-768x432.jpg 768w, https:\/\/blogsaverroes.juntadeandalucia.es\/ceipdonana\/files\/2018\/06\/20160315_124634_HDR-1024x576.jpg 1024w, https:\/\/blogsaverroes.juntadeandalucia.es\/ceipdonana\/files\/2018\/06\/20160315_124634_HDR-24x14.jpg 24w, https:\/\/blogsaverroes.juntadeandalucia.es\/ceipdonana\/files\/2018\/06\/20160315_124634_HDR-36x20.jpg 36w, https:\/\/blogsaverroes.juntadeandalucia.es\/ceipdonana\/files\/2018\/06\/20160315_124634_HDR-48x27.jpg 48w\" sizes=\"(max-width: 1600px) 100vw, 1600px\" \/><\/a>\n\t\t\t<\/dt><\/dl><dl class='gallery-item'>\n\t\t\t<dt class='gallery-icon landscape'>\n\t\t\t\t<a href='https:\/\/blogsaverroes.juntadeandalucia.es\/ceipdonana\/2016\/03\/19\/a-la-playa\/20160315_101733\/'><img loading=\"lazy\" decoding=\"async\" width=\"1600\" height=\"900\" src=\"https:\/\/blogsaverroes.juntadeandalucia.es\/ceipdonana\/files\/2018\/06\/20160315_101733.jpg\" class=\"attachment-full size-full\" alt=\"\" srcset=\"https:\/\/blogsaverroes.juntadeandalucia.es\/ceipdonana\/files\/2018\/06\/20160315_101733.jpg 1600w, https:\/\/blogsaverroes.juntadeandalucia.es\/ceipdonana\/files\/2018\/06\/20160315_101733-300x169.jpg 300w, https:\/\/blogsaverroes.juntadeandalucia.es\/ceipdonana\/files\/2018\/06\/20160315_101733-768x432.jpg 768w, https:\/\/blogsaverroes.juntadeandalucia.es\/ceipdonana\/files\/2018\/06\/20160315_101733-1024x576.jpg 1024w, https:\/\/blogsaverroes.juntadeandalucia.es\/ceipdonana\/files\/2018\/06\/20160315_101733-24x14.jpg 24w, https:\/\/blogsaverroes.juntadeandalucia.es\/ceipdonana\/files\/2018\/06\/20160315_101733-36x20.jpg 36w, https:\/\/blogsaverroes.juntadeandalucia.es\/ceipdonana\/files\/2018\/06\/20160315_101733-48x27.jpg 48w\" sizes=\"(max-width: 1600px) 100vw, 1600px\" \/><\/a>\n\t\t\t<\/dt><\/dl><br style=\"clear: both\" \/><dl class='gallery-item'>\n\t\t\t<dt class='gallery-icon landscape'>\n\t\t\t\t<a href='https:\/\/blogsaverroes.juntadeandalucia.es\/ceipdonana\/2016\/03\/19\/a-la-playa\/20160315_105044_hdr\/'><img loading=\"lazy\" decoding=\"async\" width=\"1600\" height=\"900\" src=\"https:\/\/blogsaverroes.juntadeandalucia.es\/ceipdonana\/files\/2018\/06\/20160315_105044_HDR.jpg\" class=\"attachment-full size-full\" alt=\"\" srcset=\"https:\/\/blogsaverroes.juntadeandalucia.es\/ceipdonana\/files\/2018\/06\/20160315_105044_HDR.jpg 1600w, https:\/\/blogsaverroes.juntadeandalucia.es\/ceipdonana\/files\/2018\/06\/20160315_105044_HDR-300x169.jpg 300w, https:\/\/blogsaverroes.juntadeandalucia.es\/ceipdonana\/files\/2018\/06\/20160315_105044_HDR-768x432.jpg 768w, https:\/\/blogsaverroes.juntadeandalucia.es\/ceipdonana\/files\/2018\/06\/20160315_105044_HDR-1024x576.jpg 1024w, https:\/\/blogsaverroes.juntadeandalucia.es\/ceipdonana\/files\/2018\/06\/20160315_105044_HDR-24x14.jpg 24w, https:\/\/blogsaverroes.juntadeandalucia.es\/ceipdonana\/files\/2018\/06\/20160315_105044_HDR-36x20.jpg 36w, https:\/\/blogsaverroes.juntadeandalucia.es\/ceipdonana\/files\/2018\/06\/20160315_105044_HDR-48x27.jpg 48w\" sizes=\"(max-width: 1600px) 100vw, 1600px\" \/><\/a>\n\t\t\t<\/dt><\/dl><dl class='gallery-item'>\n\t\t\t<dt class='gallery-icon portrait'>\n\t\t\t\t<a href='https:\/\/blogsaverroes.juntadeandalucia.es\/ceipdonana\/2016\/03\/19\/a-la-playa\/20160315_102655\/'><img loading=\"lazy\" decoding=\"async\" width=\"900\" height=\"1600\" src=\"https:\/\/blogsaverroes.juntadeandalucia.es\/ceipdonana\/files\/2018\/06\/20160315_102655-e1529404968131.jpg\" class=\"attachment-full size-full\" alt=\"\" srcset=\"https:\/\/blogsaverroes.juntadeandalucia.es\/ceipdonana\/files\/2018\/06\/20160315_102655-e1529404968131.jpg 900w, https:\/\/blogsaverroes.juntadeandalucia.es\/ceipdonana\/files\/2018\/06\/20160315_102655-e1529404968131-169x300.jpg 169w, https:\/\/blogsaverroes.juntadeandalucia.es\/ceipdonana\/files\/2018\/06\/20160315_102655-e1529404968131-768x1365.jpg 768w, https:\/\/blogsaverroes.juntadeandalucia.es\/ceipdonana\/files\/2018\/06\/20160315_102655-e1529404968131-576x1024.jpg 576w, https:\/\/blogsaverroes.juntadeandalucia.es\/ceipdonana\/files\/2018\/06\/20160315_102655-e1529404968131-14x24.jpg 14w, https:\/\/blogsaverroes.juntadeandalucia.es\/ceipdonana\/files\/2018\/06\/20160315_102655-e1529404968131-20x36.jpg 20w, https:\/\/blogsaverroes.juntadeandalucia.es\/ceipdonana\/files\/2018\/06\/20160315_102655-e1529404968131-27x48.jpg 27w\" sizes=\"(max-width: 900px) 100vw, 900px\" \/><\/a>\n\t\t\t<\/dt><\/dl><dl class='gallery-item'>\n\t\t\t<dt class='gallery-icon landscape'>\n\t\t\t\t<a href='https:\/\/blogsaverroes.juntadeandalucia.es\/ceipdonana\/2016\/03\/19\/a-la-playa\/20160315_095812\/'><img loading=\"lazy\" decoding=\"async\" width=\"1600\" height=\"900\" src=\"https:\/\/blogsaverroes.juntadeandalucia.es\/ceipdonana\/files\/2018\/06\/20160315_095812.jpg\" class=\"attachment-full size-full\" alt=\"\" srcset=\"https:\/\/blogsaverroes.juntadeandalucia.es\/ceipdonana\/files\/2018\/06\/20160315_095812.jpg 1600w, https:\/\/blogsaverroes.juntadeandalucia.es\/ceipdonana\/files\/2018\/06\/20160315_095812-300x169.jpg 300w, https:\/\/blogsaverroes.juntadeandalucia.es\/ceipdonana\/files\/2018\/06\/20160315_095812-768x432.jpg 768w, https:\/\/blogsaverroes.juntadeandalucia.es\/ceipdonana\/files\/2018\/06\/20160315_095812-1024x576.jpg 1024w, https:\/\/blogsaverroes.juntadeandalucia.es\/ceipdonana\/files\/2018\/06\/20160315_095812-24x14.jpg 24w, https:\/\/blogsaverroes.juntadeandalucia.es\/ceipdonana\/files\/2018\/06\/20160315_095812-36x20.jpg 36w, https:\/\/blogsaverroes.juntadeandalucia.es\/ceipdonana\/files\/2018\/06\/20160315_095812-48x27.jpg 48w\" sizes=\"(max-width: 1600px) 100vw, 1600px\" \/><\/a>\n\t\t\t<\/dt><\/dl><br style=\"clear: both\" \/><dl class='gallery-item'>\n\t\t\t<dt class='gallery-icon landscape'>\n\t\t\t\t<a href='https:\/\/blogsaverroes.juntadeandalucia.es\/ceipdonana\/2016\/03\/19\/a-la-playa\/20160315_131755\/'><img loading=\"lazy\" decoding=\"async\" width=\"1600\" height=\"900\" src=\"https:\/\/blogsaverroes.juntadeandalucia.es\/ceipdonana\/files\/2018\/06\/20160315_131755.jpg\" class=\"attachment-full size-full\" alt=\"\" srcset=\"https:\/\/blogsaverroes.juntadeandalucia.es\/ceipdonana\/files\/2018\/06\/20160315_131755.jpg 1600w, https:\/\/blogsaverroes.juntadeandalucia.es\/ceipdonana\/files\/2018\/06\/20160315_131755-300x169.jpg 300w, https:\/\/blogsaverroes.juntadeandalucia.es\/ceipdonana\/files\/2018\/06\/20160315_131755-768x432.jpg 768w, https:\/\/blogsaverroes.juntadeandalucia.es\/ceipdonana\/files\/2018\/06\/20160315_131755-1024x576.jpg 1024w, https:\/\/blogsaverroes.juntadeandalucia.es\/ceipdonana\/files\/2018\/06\/20160315_131755-24x14.jpg 24w, https:\/\/blogsaverroes.juntadeandalucia.es\/ceipdonana\/files\/2018\/06\/20160315_131755-36x20.jpg 36w, https:\/\/blogsaverroes.juntadeandalucia.es\/ceipdonana\/files\/2018\/06\/20160315_131755-48x27.jpg 48w\" sizes=\"(max-width: 1600px) 100vw, 1600px\" \/><\/a>\n\t\t\t<\/dt><\/dl><dl class='gallery-item'>\n\t\t\t<dt class='gallery-icon landscape'>\n\t\t\t\t<a href='https:\/\/blogsaverroes.juntadeandalucia.es\/ceipdonana\/2016\/03\/19\/a-la-playa\/20160315_124627\/'><img loading=\"lazy\" decoding=\"async\" width=\"1600\" height=\"900\" src=\"https:\/\/blogsaverroes.juntadeandalucia.es\/ceipdonana\/files\/2018\/06\/20160315_124627.jpg\" class=\"attachment-full size-full\" alt=\"\" srcset=\"https:\/\/blogsaverroes.juntadeandalucia.es\/ceipdonana\/files\/2018\/06\/20160315_124627.jpg 1600w, https:\/\/blogsaverroes.juntadeandalucia.es\/ceipdonana\/files\/2018\/06\/20160315_124627-300x169.jpg 300w, https:\/\/blogsaverroes.juntadeandalucia.es\/ceipdonana\/files\/2018\/06\/20160315_124627-768x432.jpg 768w, https:\/\/blogsaverroes.juntadeandalucia.es\/ceipdonana\/files\/2018\/06\/20160315_124627-1024x576.jpg 1024w, https:\/\/blogsaverroes.juntadeandalucia.es\/ceipdonana\/files\/2018\/06\/20160315_124627-24x14.jpg 24w, https:\/\/blogsaverroes.juntadeandalucia.es\/ceipdonana\/files\/2018\/06\/20160315_124627-36x20.jpg 36w, https:\/\/blogsaverroes.juntadeandalucia.es\/ceipdonana\/files\/2018\/06\/20160315_124627-48x27.jpg 48w\" sizes=\"(max-width: 1600px) 100vw, 1600px\" \/><\/a>\n\t\t\t<\/dt><\/dl><dl class='gallery-item'>\n\t\t\t<dt class='gallery-icon landscape'>\n\t\t\t\t<a href='https:\/\/blogsaverroes.juntadeandalucia.es\/ceipdonana\/2016\/03\/19\/a-la-playa\/20160315_101421\/'><img loading=\"lazy\" decoding=\"async\" width=\"1600\" height=\"900\" src=\"https:\/\/blogsaverroes.juntadeandalucia.es\/ceipdonana\/files\/2018\/06\/20160315_101421.jpg\" class=\"attachment-full size-full\" alt=\"\" srcset=\"https:\/\/blogsaverroes.juntadeandalucia.es\/ceipdonana\/files\/2018\/06\/20160315_101421.jpg 1600w, https:\/\/blogsaverroes.juntadeandalucia.es\/ceipdonana\/files\/2018\/06\/20160315_101421-300x169.jpg 300w, https:\/\/blogsaverroes.juntadeandalucia.es\/ceipdonana\/files\/2018\/06\/20160315_101421-768x432.jpg 768w, https:\/\/blogsaverroes.juntadeandalucia.es\/ceipdonana\/files\/2018\/06\/20160315_101421-1024x576.jpg 1024w, https:\/\/blogsaverroes.juntadeandalucia.es\/ceipdonana\/files\/2018\/06\/20160315_101421-24x14.jpg 24w, https:\/\/blogsaverroes.juntadeandalucia.es\/ceipdonana\/files\/2018\/06\/20160315_101421-36x20.jpg 36w, https:\/\/blogsaverroes.juntadeandalucia.es\/ceipdonana\/files\/2018\/06\/20160315_101421-48x27.jpg 48w\" sizes=\"(max-width: 1600px) 100vw, 1600px\" \/><\/a>\n\t\t\t<\/dt><\/dl><br style=\"clear: both\" \/><dl class='gallery-item'>\n\t\t\t<dt class='gallery-icon landscape'>\n\t\t\t\t<a href='https:\/\/blogsaverroes.juntadeandalucia.es\/ceipdonana\/2016\/03\/19\/a-la-playa\/20160315_113119\/'><img loading=\"lazy\" decoding=\"async\" width=\"1600\" height=\"900\" src=\"https:\/\/blogsaverroes.juntadeandalucia.es\/ceipdonana\/files\/2018\/06\/20160315_113119.jpg\" class=\"attachment-full size-full\" alt=\"\" srcset=\"https:\/\/blogsaverroes.juntadeandalucia.es\/ceipdonana\/files\/2018\/06\/20160315_113119.jpg 1600w, https:\/\/blogsaverroes.juntadeandalucia.es\/ceipdonana\/files\/2018\/06\/20160315_113119-300x169.jpg 300w, https:\/\/blogsaverroes.juntadeandalucia.es\/ceipdonana\/files\/2018\/06\/20160315_113119-768x432.jpg 768w, https:\/\/blogsaverroes.juntadeandalucia.es\/ceipdonana\/files\/2018\/06\/20160315_113119-1024x576.jpg 1024w, https:\/\/blogsaverroes.juntadeandalucia.es\/ceipdonana\/files\/2018\/06\/20160315_113119-24x14.jpg 24w, https:\/\/blogsaverroes.juntadeandalucia.es\/ceipdonana\/files\/2018\/06\/20160315_113119-36x20.jpg 36w, https:\/\/blogsaverroes.juntadeandalucia.es\/ceipdonana\/files\/2018\/06\/20160315_113119-48x27.jpg 48w\" sizes=\"(max-width: 1600px) 100vw, 1600px\" \/><\/a>\n\t\t\t<\/dt><\/dl>\n\t\t\t<br style='clear: both' \/>\n\t\t<\/div>\n\n<p style=\"text-align: justify\">&nbsp;<\/p>\n<p style=\"text-align: justify\">Acompa\u00f1adas de Manuela y Roc\u00edo como monitoras y especialistas en este \u00e1mbito, cubrimos una buena parte de la playa en busca de deshechos, basuras y restos que las personas dejamos, haciendo un mal uso de la naturaleza.<\/p>\n<p style=\"text-align: justify\">Previamente a todo esto, nos dieron buenas explicaciones de qu\u00e9 hab\u00eda qu\u00e9 hacer, invit\u00e1ndonos a una reflexi\u00f3n sobre todo ello. Posteriormente completamos unas fichas descriptivas con lo encontrado, pareci\u00e9ndonos a todos\/as asombrosa la situaci\u00f3n&#8230;\u00a1tenemos que cuidar m\u00e1s nuestros recursos naturales!<\/p>\n<p>Para finalizar y quedarnos con buen sabor de boca, hicimos y decoramos nuestros propios p\u00e1jaros ayudados\/as de tizas y arena&#8230;\u00a1qu\u00e9 artistas somos!<\/p>\n<p style=\"text-align: center\">Quedaron unas creaciones muy bonitas y os invitamos a que cre\u00e9is los vuestros&#8230;hay much\u00edsimas especies de aves en Do\u00f1ana.<\/p>\n<p style=\"text-align: center\"><a href=\"https:\/\/blogsaverroes.juntadeandalucia.es\/ceipdonana\/files\/2018\/06\/Ck_O2OJWkAAjCGc.jpg\"><img loading=\"lazy\" decoding=\"async\" class=\"alignnone  wp-image-3287\" src=\"https:\/\/blogsaverroes.juntadeandalucia.es\/ceipdonana\/files\/2018\/06\/Ck_O2OJWkAAjCGc-300x240.jpg\" alt=\"\" width=\"344\" height=\"275\" srcset=\"https:\/\/blogsaverroes.juntadeandalucia.es\/ceipdonana\/files\/2018\/06\/Ck_O2OJWkAAjCGc-300x240.jpg 300w, https:\/\/blogsaverroes.juntadeandalucia.es\/ceipdonana\/files\/2018\/06\/Ck_O2OJWkAAjCGc-768x614.jpg 768w, https:\/\/blogsaverroes.juntadeandalucia.es\/ceipdonana\/files\/2018\/06\/Ck_O2OJWkAAjCGc-1024x819.jpg 1024w, https:\/\/blogsaverroes.juntadeandalucia.es\/ceipdonana\/files\/2018\/06\/Ck_O2OJWkAAjCGc-24x19.jpg 24w, https:\/\/blogsaverroes.juntadeandalucia.es\/ceipdonana\/files\/2018\/06\/Ck_O2OJWkAAjCGc-36x29.jpg 36w, https:\/\/blogsaverroes.juntadeandalucia.es\/ceipdonana\/files\/2018\/06\/Ck_O2OJWkAAjCGc-48x38.jpg 48w, https:\/\/blogsaverroes.juntadeandalucia.es\/ceipdonana\/files\/2018\/06\/Ck_O2OJWkAAjCGc.jpg 1200w\" sizes=\"(max-width: 344px) 100vw, 344px\" \/><\/a> <a href=\"https:\/\/blogsaverroes.juntadeandalucia.es\/ceipdonana\/files\/2018\/06\/img-20140512-wa0007.jpg\"><img loading=\"lazy\" decoding=\"async\" class=\"alignnone  wp-image-3288\" src=\"https:\/\/blogsaverroes.juntadeandalucia.es\/ceipdonana\/files\/2018\/06\/img-20140512-wa0007-279x300.jpg\" alt=\"\" width=\"260\" height=\"280\" srcset=\"https:\/\/blogsaverroes.juntadeandalucia.es\/ceipdonana\/files\/2018\/06\/img-20140512-wa0007-279x300.jpg 279w, https:\/\/blogsaverroes.juntadeandalucia.es\/ceipdonana\/files\/2018\/06\/img-20140512-wa0007-22x24.jpg 22w, https:\/\/blogsaverroes.juntadeandalucia.es\/ceipdonana\/files\/2018\/06\/img-20140512-wa0007-33x36.jpg 33w, https:\/\/blogsaverroes.juntadeandalucia.es\/ceipdonana\/files\/2018\/06\/img-20140512-wa0007-45x48.jpg 45w, https:\/\/blogsaverroes.juntadeandalucia.es\/ceipdonana\/files\/2018\/06\/img-20140512-wa0007.jpg 480w\" sizes=\"(max-width: 260px) 100vw, 260px\" \/><\/a><\/p>\n","protected":false},"excerpt":{"rendered":"<p>Como centro ecoescuela y comprometidos\/as en la tarea de cuidar nuestro entorno, la playa es uno de los pilares fundamentales. Con motivo de nuestra semana de medio ambiente, una de las actividades complementarias que&#46;&#46;&#46;<\/p>\n","protected":false},"author":6351,"featured_media":0,"comment_status":"open","ping_status":"open","sticky":false,"template":"","format":"standard","meta":{"ngg_post_thumbnail":0,"footnotes":""},"categories":[11909],"tags":[4807,13120,13496],"aioseo_notices":[],"_links":{"self":[{"href":"https:\/\/blogsaverroes.juntadeandalucia.es\/ceipdonana\/wp-json\/wp\/v2\/posts\/3283"}],"collection":[{"href":"https:\/\/blogsaverroes.juntadeandalucia.es\/ceipdonana\/wp-json\/wp\/v2\/posts"}],"about":[{"href":"https:\/\/blogsaverroes.juntadeandalucia.es\/ceipdonana\/wp-json\/wp\/v2\/types\/post"}],"author":[{"embeddable":true,"href":"https:\/\/blogsaverroes.juntadeandalucia.es\/ceipdonana\/wp-json\/wp\/v2\/users\/6351"}],"replies":[{"embeddable":true,"href":"https:\/\/blogsaverroes.juntadeandalucia.es\/ceipdonana\/wp-json\/wp\/v2\/comments?post=3283"}],"version-history":[{"count":1,"href":"https:\/\/blogsaverroes.juntadeandalucia.es\/ceipdonana\/wp-json\/wp\/v2\/posts\/3283\/revisions"}],"predecessor-version":[{"id":3332,"href":"https:\/\/blogsaverroes.juntadeandalucia.es\/ceipdonana\/wp-json\/wp\/v2\/posts\/3283\/revisions\/3332"}],"wp:attachment":[{"href":"https:\/\/blogsaverroes.juntadeandalucia.es\/ceipdonana\/wp-json\/wp\/v2\/media?parent=3283"}],"wp:term":[{"taxonomy":"category","embeddable":true,"href":"https:\/\/blogsaverroes.juntadeandalucia.es\/ceipdonana\/wp-json\/wp\/v2\/categories?post=3283"},{"taxonomy":"post_tag","embeddable":true,"href":"https:\/\/blogsaverroes.juntadeandalucia.es\/ceipdonana\/wp-json\/wp\/v2\/tags?post=3283"}],"curies":[{"name":"wp","href":"https:\/\/api.w.org\/{rel}","templated":true}]}}