{"id":3274,"date":"2020-10-30T17:42:18","date_gmt":"2020-10-30T17:42:18","guid":{"rendered":"https:\/\/blogsaverroes.juntadeandalucia.es\/ceipduquederivas\/?p=3274"},"modified":"2020-11-03T22:51:47","modified_gmt":"2020-11-03T22:51:47","slug":"concurso-de-relatos-escalofriantes","status":"publish","type":"post","link":"https:\/\/blogsaverroes.juntadeandalucia.es\/ceipduquederivas\/concurso-de-relatos-escalofriantes\/","title":{"rendered":"CONCURSO DE RELATOS ESCALOFRIANTES"},"content":{"rendered":"<h4>Halloween lleg\u00f3 y tambi\u00e9n algunos v\u00eddeos para el \u00abConcurso de relatos escalofriantes\u00bb. Aqu\u00ed tienes una muestra&#8230;<\/h4>\n<p>V\u00cdDEO DE JUANA<\/p>\n<p>[googleapps domain=\u00bbdrive\u00bb dir=\u00bbfile\/d\/17E4sFA-eTUWeNj1Bfch5ZFjXmSHjGlif\/preview\u00bb query=\u00bb\u00bb width=\u00bb640&#8243; height=\u00bb480&#8243; \/]<br \/>\nV\u00cdDEO DE JULIA<\/p>\n<p>[googleapps domain=\u00bbdrive\u00bb dir=\u00bbfile\/d\/1akiFGebGBFXNAye9s4Z9fi3jjtePDfxh\/preview\u00bb query=\u00bb\u00bb width=\u00bb640&#8243; height=\u00bb480&#8243; \/]<br \/>\n<a href=\"https:\/\/drive.google.com\/file\/d\/1ZLkjinMJGJK_BqdIcIUzKhEyY4iVFFpX\/view?usp=sharing\">V\u00cdDEO DE MAR\u00cdA<\/a><\/p>\n<p>[googleapps domain=\u00bbdrive\u00bb dir=\u00bbfile\/d\/1ZLkjinMJGJK_BqdIcIUzKhEyY4iVFFpX\/preview\u00bb query=\u00bb\u00bb width=\u00bb640&#8243; height=\u00bb480&#8243; \/]<\/p>\n<p><a href=\"https:\/\/drive.google.com\/file\/d\/1ZGPpIQI3_WpbjIepFWBZPEwX8rOCb3C8\/view?usp=sharing\">V\u00cdDEO DE SONIA<\/a><\/p>\n<p>[googleapps domain=\u00bbdrive\u00bb dir=\u00bbfile\/d\/1ZGPpIQI3_WpbjIepFWBZPEwX8rOCb3C8\/preview\u00bb query=\u00bb\u00bb width=\u00bb640&#8243; height=\u00bb480&#8243; \/]<\/p>\n<p><a href=\"https:\/\/drive.google.com\/file\/d\/1Z9ULkORwSjV8iIXQm2iK3hTi7JKYHY31\/view?usp=sharing\">V\u00cdDEO DE PACO<\/a><\/p>\n<p>[googleapps domain=\u00bbdrive\u00bb dir=\u00bbfile\/d\/1Z9ULkORwSjV8iIXQm2iK3hTi7JKYHY31\/preview\u00bb query=\u00bb\u00bb width=\u00bb640&#8243; height=\u00bb480&#8243; \/]<br \/>\n<a href=\"https:\/\/drive.google.com\/file\/d\/1Z83yO9DOS4Ajf8P8VJawkyofb33WmPCd\/view?usp=sharing\">V\u00cdDEO DE CARMEN<\/a><br \/>\n[googleapps domain=\u00bbdrive\u00bb dir=\u00bbfile\/d\/1Z83yO9DOS4Ajf8P8VJawkyofb33WmPCd\/preview\u00bb query=\u00bb\u00bb width=\u00bb640&#8243; height=\u00bb480&#8243; \/]<br \/>\n<a href=\"https:\/\/drive.google.com\/file\/d\/1Z4Na0tOWVFG07L6p6WjymObKJHGdrIqf\/view?usp=sharing\">V\u00cdDEO DE ALBA<\/a><br \/>\n[googleapps domain=\u00bbdrive\u00bb dir=\u00bbfile\/d\/1Z4Na0tOWVFG07L6p6WjymObKJHGdrIqf\/preview\u00bb query=\u00bb\u00bb width=\u00bb640&#8243; height=\u00bb480&#8243; \/]<br \/>\n<a href=\"https:\/\/drive.google.com\/file\/d\/1Z1Ga1SxuLnj4XFU1I24DDKmJHcnBdaq4\/view?usp=sharing\">V\u00cdDEO ALBA<\/a><br \/>\n[googleapps domain=\u00bbdrive\u00bb dir=\u00bbfile\/d\/1Z1Ga1SxuLnj4XFU1I24DDKmJHcnBdaq4\/preview\u00bb query=\u00bb\u00bb width=\u00bb640&#8243; height=\u00bb480&#8243; \/]<br \/>\n<a href=\"https:\/\/drive.google.com\/file\/d\/1YzpK6IocVAZhfE7KPEmpAZi-9apc-fvg\/view?usp=sharing\">V\u00cdDEO DE \u00c1NGEL Y JUAN<\/a><br \/>\n[googleapps domain=\u00bbdrive\u00bb dir=\u00bbfile\/d\/1YzpK6IocVAZhfE7KPEmpAZi-9apc-fvg\/preview\u00bb query=\u00bb\u00bb width=\u00bb640&#8243; height=\u00bb480&#8243; \/]<\/p>\n<p>AUDIOS ESCALOFRIANTES<br \/>\nSegundo de la ESO. Programa de radio<br \/>\n[googleapps domain=\u00bbdrive\u00bb dir=\u00bbfile\/d\/17G2YcaIVDjP6__2OpIRnp8tVtqjQm0bK\/preview\u00bb query=\u00bb\u00bb width=\u00bb640&#8243; height=\u00bb480&#8243; \/]<br \/>\n&nbsp;Sonia. Programa de Radio<br \/>\n[googleapps domain=\u00bbdrive\u00bb dir=\u00bbfile\/d\/17Jp3TOFS3_kbnX01Si8wAhZ52utQjmyj\/preview\u00bb query=\u00bb\u00bb width=\u00bb640&#8243; height=\u00bb480&#8243; \/]<br \/>\n&nbsp;<\/p>\n<p>Mar\u00eda. Programa de Radio<br \/>\n[googleapps domain=\u00bbdrive\u00bb dir=\u00bbfile\/d\/17PoIarTMWHW0tYbg6Dk7-u_VZfEJC0xh\/preview\u00bb query=\u00bb\u00bb width=\u00bb640&#8243; height=\u00bb480&#8243; \/]<br \/>\n&nbsp;<\/p>\n<h4>Si quieres participar a\u00fan est\u00e1s a tiempo, graba un v\u00eddeo terror\u00edfico y hazlo llegar a tu maestro\/a, el<strong> mi\u00e9rcoles 3 de noviembre<\/strong> conoceremos al ganador o ganadora. \u00a1AN\u00cdMATE!<\/h4>\n","protected":false},"excerpt":{"rendered":"<p>Halloween lleg\u00f3 y tambi\u00e9n algunos v\u00eddeos para el \u00abConcurso de relatos escalofriantes\u00bb. Aqu\u00ed tienes una muestra&#8230; V\u00cdDEO DE JUANA [googleapps domain=\u00bbdrive\u00bb dir=\u00bbfile\/d\/17E4sFA-eTUWeNj1Bfch5ZFjXmSHjGlif\/preview\u00bb query=\u00bb\u00bb width=\u00bb640&#8243; height=\u00bb480&#8243; \/] V\u00cdDEO DE JULIA [googleapps domain=\u00bbdrive\u00bb dir=\u00bbfile\/d\/1akiFGebGBFXNAye9s4Z9fi3jjtePDfxh\/preview\u00bb query=\u00bb\u00bb width=\u00bb640&#8243;&#46;&#46;&#46;<\/p>\n","protected":false},"author":10548,"featured_media":3232,"comment_status":"open","ping_status":"open","sticky":false,"template":"","format":"standard","meta":{"ngg_post_thumbnail":0,"footnotes":""},"categories":[213],"tags":[],"aioseo_notices":[],"_links":{"self":[{"href":"https:\/\/blogsaverroes.juntadeandalucia.es\/ceipduquederivas\/wp-json\/wp\/v2\/posts\/3274"}],"collection":[{"href":"https:\/\/blogsaverroes.juntadeandalucia.es\/ceipduquederivas\/wp-json\/wp\/v2\/posts"}],"about":[{"href":"https:\/\/blogsaverroes.juntadeandalucia.es\/ceipduquederivas\/wp-json\/wp\/v2\/types\/post"}],"author":[{"embeddable":true,"href":"https:\/\/blogsaverroes.juntadeandalucia.es\/ceipduquederivas\/wp-json\/wp\/v2\/users\/10548"}],"replies":[{"embeddable":true,"href":"https:\/\/blogsaverroes.juntadeandalucia.es\/ceipduquederivas\/wp-json\/wp\/v2\/comments?post=3274"}],"version-history":[{"count":18,"href":"https:\/\/blogsaverroes.juntadeandalucia.es\/ceipduquederivas\/wp-json\/wp\/v2\/posts\/3274\/revisions"}],"predecessor-version":[{"id":3282,"href":"https:\/\/blogsaverroes.juntadeandalucia.es\/ceipduquederivas\/wp-json\/wp\/v2\/posts\/3274\/revisions\/3282"}],"wp:featuredmedia":[{"embeddable":true,"href":"https:\/\/blogsaverroes.juntadeandalucia.es\/ceipduquederivas\/wp-json\/wp\/v2\/media\/3232"}],"wp:attachment":[{"href":"https:\/\/blogsaverroes.juntadeandalucia.es\/ceipduquederivas\/wp-json\/wp\/v2\/media?parent=3274"}],"wp:term":[{"taxonomy":"category","embeddable":true,"href":"https:\/\/blogsaverroes.juntadeandalucia.es\/ceipduquederivas\/wp-json\/wp\/v2\/categories?post=3274"},{"taxonomy":"post_tag","embeddable":true,"href":"https:\/\/blogsaverroes.juntadeandalucia.es\/ceipduquederivas\/wp-json\/wp\/v2\/tags?post=3274"}],"curies":[{"name":"wp","href":"https:\/\/api.w.org\/{rel}","templated":true}]}}