{"id":4283,"date":"2021-10-09T11:36:58","date_gmt":"2021-10-09T11:36:58","guid":{"rendered":"https:\/\/blogsaverroes.juntadeandalucia.es\/ceipduquederivas\/?p=4283"},"modified":"2021-10-09T11:36:58","modified_gmt":"2021-10-09T11:36:58","slug":"5-de-octubre-dia-internacional-del-docente","status":"publish","type":"post","link":"https:\/\/blogsaverroes.juntadeandalucia.es\/ceipduquederivas\/5-de-octubre-dia-internacional-del-docente\/","title":{"rendered":"5 de Octubre. D\u00eda Internacional del Docente."},"content":{"rendered":"<p>El d\u00eda 5 de octubre se celebra el D\u00eda Internacional del Docente por lo que los j\u00f3venes del Colegio Duque de Rivas y las ni\u00f1as y ni\u00f1os de los talleres de la Asociaci\u00f3n Red XXI han grabado un programa especial en el que han explicado cu\u00e1l ha sido la huella que les han dejado sus maestras y maestros y tambi\u00e9n la que han dejado en la gente del barrio.<\/p>\n<blockquote class=\"twitter-tweet\" data-width=\"500\" data-dnt=\"true\">\n<p lang=\"es\" dir=\"ltr\">Puedes escucharlo en los siguientes enlaces: <\/p>\n<p>&#8211; En nuestra p\u00e1gina web: <a href=\"https:\/\/t.co\/JyDzj7yXc6\">https:\/\/t.co\/JyDzj7yXc6<\/a><\/p>\n<p>&#8211; En iVoox: <a href=\"https:\/\/t.co\/h6LZGbHccu\">https:\/\/t.co\/h6LZGbHccu<\/a> <a href=\"https:\/\/t.co\/vVRbuhSynZ\">pic.twitter.com\/vVRbuhSynZ<\/a><\/p>\n<p>&mdash; Onda Palmeras (@OndaPalmeras) <a href=\"https:\/\/twitter.com\/OndaPalmeras\/status\/1445344719027023872?ref_src=twsrc%5Etfw\">October 5, 2021<\/a><\/p><\/blockquote>\n<p><script async src=\"https:\/\/platform.twitter.com\/widgets.js\" charset=\"utf-8\"><\/script><\/p>\n<p><iframe src=\"https:\/\/www.ivoox.com\/player_ej_76360152_4_1.html?c1=ff6600\" height=\"200\" frameborder=\"0\" scrolling=\"no\"><\/iframe><\/p>\n<p>Aqu\u00ed os dejo con el montaje y algunas fotos.<\/p>\n<div style=\"width: 640px;\" class=\"wp-video\"><!--[if lt IE 9]><script>document.createElement('video');<\/script><![endif]-->\n<video class=\"wp-video-shortcode\" id=\"video-4283-1\" width=\"640\" height=\"480\" preload=\"metadata\" controls=\"controls\"><source type=\"video\/mp4\" src=\"https:\/\/blogsaverroes.juntadeandalucia.es\/ceipduquederivas\/files\/2021\/10\/WhatsApp-Video-2021-09-29-at-16.15.13.mp4?_=1\" \/><a href=\"https:\/\/blogsaverroes.juntadeandalucia.es\/ceipduquederivas\/files\/2021\/10\/WhatsApp-Video-2021-09-29-at-16.15.13.mp4\">https:\/\/blogsaverroes.juntadeandalucia.es\/ceipduquederivas\/files\/2021\/10\/WhatsApp-Video-2021-09-29-at-16.15.13.mp4<\/a><\/video><\/div>\n","protected":false},"excerpt":{"rendered":"<p>El d\u00eda 5 de octubre se celebra el D\u00eda Internacional del Docente por lo que los j\u00f3venes del Colegio Duque de Rivas y las ni\u00f1as y ni\u00f1os de los talleres de la Asociaci\u00f3n Red&#46;&#46;&#46;<\/p>\n","protected":false},"author":9751,"featured_media":4286,"comment_status":"open","ping_status":"open","sticky":false,"template":"","format":"standard","meta":{"ngg_post_thumbnail":0,"footnotes":""},"categories":[2351665],"tags":[],"aioseo_notices":[],"_links":{"self":[{"href":"https:\/\/blogsaverroes.juntadeandalucia.es\/ceipduquederivas\/wp-json\/wp\/v2\/posts\/4283"}],"collection":[{"href":"https:\/\/blogsaverroes.juntadeandalucia.es\/ceipduquederivas\/wp-json\/wp\/v2\/posts"}],"about":[{"href":"https:\/\/blogsaverroes.juntadeandalucia.es\/ceipduquederivas\/wp-json\/wp\/v2\/types\/post"}],"author":[{"embeddable":true,"href":"https:\/\/blogsaverroes.juntadeandalucia.es\/ceipduquederivas\/wp-json\/wp\/v2\/users\/9751"}],"replies":[{"embeddable":true,"href":"https:\/\/blogsaverroes.juntadeandalucia.es\/ceipduquederivas\/wp-json\/wp\/v2\/comments?post=4283"}],"version-history":[{"count":2,"href":"https:\/\/blogsaverroes.juntadeandalucia.es\/ceipduquederivas\/wp-json\/wp\/v2\/posts\/4283\/revisions"}],"predecessor-version":[{"id":4287,"href":"https:\/\/blogsaverroes.juntadeandalucia.es\/ceipduquederivas\/wp-json\/wp\/v2\/posts\/4283\/revisions\/4287"}],"wp:featuredmedia":[{"embeddable":true,"href":"https:\/\/blogsaverroes.juntadeandalucia.es\/ceipduquederivas\/wp-json\/wp\/v2\/media\/4286"}],"wp:attachment":[{"href":"https:\/\/blogsaverroes.juntadeandalucia.es\/ceipduquederivas\/wp-json\/wp\/v2\/media?parent=4283"}],"wp:term":[{"taxonomy":"category","embeddable":true,"href":"https:\/\/blogsaverroes.juntadeandalucia.es\/ceipduquederivas\/wp-json\/wp\/v2\/categories?post=4283"},{"taxonomy":"post_tag","embeddable":true,"href":"https:\/\/blogsaverroes.juntadeandalucia.es\/ceipduquederivas\/wp-json\/wp\/v2\/tags?post=4283"}],"curies":[{"name":"wp","href":"https:\/\/api.w.org\/{rel}","templated":true}]}}