{"id":4642,"date":"2022-03-04T12:45:33","date_gmt":"2022-03-04T12:45:33","guid":{"rendered":"https:\/\/blogsaverroes.juntadeandalucia.es\/ceipduquederivas\/?p=4642"},"modified":"2022-03-09T18:49:16","modified_gmt":"2022-03-09T18:49:16","slug":"dia-de-andalucia-2","status":"publish","type":"post","link":"https:\/\/blogsaverroes.juntadeandalucia.es\/ceipduquederivas\/dia-de-andalucia-2\/","title":{"rendered":"D\u00eda de Andaluc\u00eda"},"content":{"rendered":"\t\t<div data-elementor-type=\"wp-post\" data-elementor-id=\"4642\" class=\"elementor elementor-4642\">\n\t\t\t\t\t\t<section class=\"elementor-section elementor-top-section elementor-element elementor-element-d5fab91 elementor-section-boxed elementor-section-height-default elementor-section-height-default\" data-id=\"d5fab91\" data-element_type=\"section\">\n\t\t\t\t\t\t<div class=\"elementor-container elementor-column-gap-default\">\n\t\t\t\t\t<div class=\"elementor-column elementor-col-100 elementor-top-column elementor-element elementor-element-bddcc93\" data-id=\"bddcc93\" data-element_type=\"column\">\n\t\t\t<div class=\"elementor-widget-wrap elementor-element-populated\">\n\t\t\t\t\t\t<div class=\"elementor-element elementor-element-5b77d86 elementor-widget elementor-widget-text-editor\" data-id=\"5b77d86\" data-element_type=\"widget\" data-widget_type=\"text-editor.default\">\n\t\t\t\t<div class=\"elementor-widget-container\">\n\t\t\t\t\t\t\t\t\t<p><span style=\"font-family: 'comic sans ms', sans-serif;color: #000000;font-size: 1.1em\">Cada <strong>28 de Febrero<\/strong>, nuestro cole celebra&nbsp;<span style=\"background-color: #fafafa;font-style: normal;text-align: justify\">este gran d\u00eda por todo lo alto. \u00bfNo lo recuerdas? Anda, te dar\u00e9 una pista: nacimiento de Andaluc\u00eda como Comunidad Aut\u00f3noma por decisi\u00f3n del pueblo andaluz, consultado en refer\u00e9ndum&#8230;<\/span><\/span><\/p>\n<p><span style=\"font-family: 'comic sans ms', sans-serif;color: #000000;font-size: 1.1em\"><span style=\"background-color: #fafafa;font-style: normal;text-align: justify\">\u00a1Claro! \u00a1Eso es! <strong>\u00a1Celebramos su cumplea\u00f1os! <\/strong><\/span><span style=\"background-image: initial;background-position: initial;background-size: initial;background-attachment: initial;line-height: 115%\">Para conocer su origen,&nbsp;<\/span><span style=\"padding: 0cm;border: 1pt none windowtext\">hay que remontarse al 28 de febrero de 1980<\/span><span>. Es decir, <strong>cumple<\/strong> nada m\u00e1s y nada menos que&#8230; <strong>\u00a142 a\u00f1os!<\/strong><\/span><\/span><\/p>\n<p><span style=\"color: #000000;font-family: 'comic sans ms', sans-serif\"><span style=\"font-size: 1.1em\">Por eso, los ni\u00f1os y las ni\u00f1as, los docentes y personal de nuestro cole, han querido <strong>homenajear<\/strong> a nuestra tierra con una elaboraci\u00f3n exhaustiva de informaci\u00f3n de nuestra Comunidad, haciendo uso de tablets y ordenadores en <strong>Secundaria<\/strong> y en el <strong>Tercer Ciclo<\/strong>. Gracias a ello han podido elaborar trabajos y murales muy especiales.&nbsp;<\/span><\/span><\/p>\n<p><span style=\"color: #000000;font-family: 'comic sans ms', sans-serif\"><span style=\"font-size: 1.1em\">Adem\u00e1s, desde <strong>1\u00ba<\/strong> hasta 4\u00ba de Primaria, el alumnado ha fabricado composiciones originales en las que se puede observar cada una de las provincias y en las que<\/span> han se\u00f1alado monumentos, bailes y trajes t\u00edpicos y platos tradicionales. \u00a1Qu\u00e9 maravilla!<\/span><\/p>\n<p><span><span style=\"font-family: 'comic sans ms', sans-serif;color: #000000\"><strong>Infantil<\/strong>, realiz\u00f3 la lectura del cuento \u00ab<em>La Pata Andaluc\u00eda<\/em>\u00bb y elaboraron unos banderines con los colores verde, blanco, verde. \u00a1Menudos artistas! \u00a1Incluso tuvieron una sesi\u00f3n de pintacaras! \u00a1Waaaauuuu!<\/span><\/span><\/p>\n<p><span><span style=\"font-family: 'comic sans ms', sans-serif;color: #000000\">&nbsp;<\/span><\/span><\/p>\n<p><span><span style=\"font-family: 'comic sans ms', sans-serif;color: #000000\">Para finalizar la celebraci\u00f3n de la efem\u00e9rides, el pasado martes y mi\u00e9rcoles todo el alumnado del cole pudo disfrutar de un <strong>scape room<\/strong> basado en pruebas sobre este d\u00eda y de un <strong>taller gastron\u00f3mico<\/strong> donde aprendieron a elaborar un riqu\u00edsimo salmorejo. \u00a1Oleeeeee\u00e9!<\/span><\/span><\/p>\n<p><span><span style=\"font-family: 'comic sans ms', sans-serif;color: #000000\">&nbsp;<\/span><\/span><\/p>\n<p><span><span style=\"font-family: 'comic sans ms', sans-serif;color: #000000\">&nbsp;<\/span><\/span><\/p>\n<pre><span style=\"color: #000000;font-family: 'comic sans ms', sans-serif;font-size: 1.1em;font-style: normal;font-weight: 300;letter-spacing: 0.056px;background-color: #f2f3f6\">Es importante que los alumnos desarrollen un inter\u00e9s por la conservaci\u00f3n y mejora de nuestro patrimonio cultural y art\u00edstico, conociendo la diversidad ling\u00fc\u00edstica y cultural de Andaluc\u00eda.<\/span><span><span style=\"font-family: 'comic sans ms', sans-serif;color: #000000\"><br><\/span><\/span><\/pre>\n<pre><span style=\"color: #000000;font-family: 'comic sans ms', sans-serif;font-size: 1.1em;font-style: normal;font-weight: 300;letter-spacing: 0.056px;background-color: #f2f3f6\"><br><\/span><\/pre>\n<pre><font color=\"#000000\" face=\"comic sans ms, sans-serif\"><span style=\"font-size: 20.4188px;letter-spacing: 0.056px\">\u00a1Hasta la pr\u00f3xima! \u00a1Muchas gracias por leernos!<\/span><\/font><\/pre>\t\t\t\t\t\t\t\t<\/div>\n\t\t\t\t<\/div>\n\t\t\t\t\t<\/div>\n\t\t<\/div>\n\t\t\t\t\t<\/div>\n\t\t<\/section>\n\t\t\t\t<section class=\"elementor-section elementor-top-section elementor-element elementor-element-4106cf3 elementor-section-boxed elementor-section-height-default elementor-section-height-default\" data-id=\"4106cf3\" data-element_type=\"section\">\n\t\t\t\t\t\t<div class=\"elementor-container elementor-column-gap-default\">\n\t\t\t\t\t<div class=\"elementor-column elementor-col-100 elementor-top-column elementor-element elementor-element-220e100\" data-id=\"220e100\" data-element_type=\"column\">\n\t\t\t<div class=\"elementor-widget-wrap elementor-element-populated\">\n\t\t\t\t\t\t<div class=\"elementor-element elementor-element-101832e elementor-widget elementor-widget-video\" data-id=\"101832e\" data-element_type=\"widget\" data-settings=\"{&quot;youtube_url&quot;:&quot;https:\\\/\\\/youtu.be\\\/WgAh1xf-pNY&quot;,&quot;video_type&quot;:&quot;youtube&quot;,&quot;controls&quot;:&quot;yes&quot;}\" data-widget_type=\"video.default\">\n\t\t\t\t<div class=\"elementor-widget-container\">\n\t\t\t\t\t\t\t<div class=\"elementor-wrapper elementor-open-inline\">\n\t\t\t<div class=\"elementor-video\"><\/div>\t\t<\/div>\n\t\t\t\t\t\t<\/div>\n\t\t\t\t<\/div>\n\t\t\t\t\t<\/div>\n\t\t<\/div>\n\t\t\t\t\t<\/div>\n\t\t<\/section>\n\t\t\t\t<\/div>\n\t\t","protected":false},"excerpt":{"rendered":"<p>Cada 28 de Febrero, nuestro cole celebra&nbsp;este gran d\u00eda por todo lo alto. \u00bfNo lo recuerdas? Anda, te dar\u00e9 una pista: nacimiento de Andaluc\u00eda como Comunidad Aut\u00f3noma por decisi\u00f3n del pueblo andaluz, consultado en&#46;&#46;&#46;<\/p>\n","protected":false},"author":13440,"featured_media":0,"comment_status":"open","ping_status":"open","sticky":false,"template":"","format":"standard","meta":{"ngg_post_thumbnail":0,"footnotes":""},"categories":[11909],"tags":[],"aioseo_notices":[],"_links":{"self":[{"href":"https:\/\/blogsaverroes.juntadeandalucia.es\/ceipduquederivas\/wp-json\/wp\/v2\/posts\/4642"}],"collection":[{"href":"https:\/\/blogsaverroes.juntadeandalucia.es\/ceipduquederivas\/wp-json\/wp\/v2\/posts"}],"about":[{"href":"https:\/\/blogsaverroes.juntadeandalucia.es\/ceipduquederivas\/wp-json\/wp\/v2\/types\/post"}],"author":[{"embeddable":true,"href":"https:\/\/blogsaverroes.juntadeandalucia.es\/ceipduquederivas\/wp-json\/wp\/v2\/users\/13440"}],"replies":[{"embeddable":true,"href":"https:\/\/blogsaverroes.juntadeandalucia.es\/ceipduquederivas\/wp-json\/wp\/v2\/comments?post=4642"}],"version-history":[{"count":12,"href":"https:\/\/blogsaverroes.juntadeandalucia.es\/ceipduquederivas\/wp-json\/wp\/v2\/posts\/4642\/revisions"}],"predecessor-version":[{"id":4655,"href":"https:\/\/blogsaverroes.juntadeandalucia.es\/ceipduquederivas\/wp-json\/wp\/v2\/posts\/4642\/revisions\/4655"}],"wp:attachment":[{"href":"https:\/\/blogsaverroes.juntadeandalucia.es\/ceipduquederivas\/wp-json\/wp\/v2\/media?parent=4642"}],"wp:term":[{"taxonomy":"category","embeddable":true,"href":"https:\/\/blogsaverroes.juntadeandalucia.es\/ceipduquederivas\/wp-json\/wp\/v2\/categories?post=4642"},{"taxonomy":"post_tag","embeddable":true,"href":"https:\/\/blogsaverroes.juntadeandalucia.es\/ceipduquederivas\/wp-json\/wp\/v2\/tags?post=4642"}],"curies":[{"name":"wp","href":"https:\/\/api.w.org\/{rel}","templated":true}]}}